{"id":10121,"date":"2024-12-21T17:51:29","date_gmt":"2024-12-21T16:51:29","guid":{"rendered":"https:\/\/aafcb.cat\/general-en\/presentacio-llibre-100-anos-del-gran-metropolitano-de-barcelona-1924-2024\/"},"modified":"2025-01-19T21:15:25","modified_gmt":"2025-01-19T20:15:25","slug":"presentacio-llibre-100-anos-del-gran-metropolitano-de-barcelona-1924-2024","status":"publish","type":"post","link":"https:\/\/aafcb.cat\/en\/activities\/presentacio-llibre-100-anos-del-gran-metropolitano-de-barcelona-1924-2024\/","title":{"rendered":"Presentaci\u00f3 llibre: 100 a\u00f1os del Gran Metropolitano de Barcelona (1924-2024)"},"content":{"rendered":"<p><strong>Presentaci\u00f3 llibre<\/strong>: 100 a\u00f1os del Gran Metropolitano de Barcelona (1924-2024)<\/p>\n<p><strong> Conferenciants:\u00a0<\/strong>Joan Alberich &#8211; Ramon Lascorz<\/p>\n<p><strong>Dia<\/strong>: Dissabte 14 de desembre de 2024<\/p>\n<p>El 30 de desembre del 1924 s&#8217;inaugura la primera l\u00ednia de metro de Barcelona, a mans de la societat Gran metropolit\u00e0 de Barcelona.<br \/>\nEls autors del llibre Joan Alberich i Ramon Lascorz van explicar la hist\u00f2ria d&#8217;aquest primer metro de Barcelona, les obres que es van fer i el material que es va comprar durant els anys seg\u00fcents.<\/p>\n<p><img loading=\"lazy\" decoding=\"async\" class=\"alignnone size-medium wp-image-9951\" src=\"https:\/\/aafcb.cat\/aafcb-ferrocarril-media\/WhatsApp-Image-2024-12-17-at-20.40.02-225x300.jpeg\" alt=\"\" width=\"225\" height=\"300\" \/><img loading=\"lazy\" decoding=\"async\" class=\"alignnone size-medium wp-image-9947\" src=\"https:\/\/aafcb.cat\/aafcb-ferrocarril-media\/WhatsApp-Image-2024-12-17-at-20.39.20-225x300.jpeg\" alt=\"\" width=\"225\" height=\"300\" \/><\/p>\n","protected":false},"excerpt":{"rendered":"<p>Presentaci\u00f3 llibre: 100 a\u00f1os del Gran Metropolitano de Barcelona (1924-2024) Conferenciants:\u00a0Joan Alberich &#8211; Ramon Lascorz Dia: Dissabte 14 de desembre de 2024 El 30 de desembre del 1924 s&#8217;inaugura la [&hellip;]<\/p>\n","protected":false},"author":5,"featured_media":9944,"comment_status":"closed","ping_status":"closed","sticky":false,"template":"","format":"standard","meta":{"_et_pb_use_builder":"","_et_pb_old_content":"","_et_gb_content_width":"","footnotes":""},"categories":[16,23,18],"tags":[],"class_list":["post-10121","post","type-post","status-publish","format-standard","has-post-thumbnail","hentry","category-activities","category-forums-and-conferences","category-social-activities"],"yoast_head":"<!-- This site is optimized with the Yoast SEO plugin v27.3 - https:\/\/yoast.com\/product\/yoast-seo-wordpress\/ -->\n<title>Presentaci\u00f3 llibre: 100 a\u00f1os del Gran Metropolitano de Barcelona (1924-2024) - AAFCB<\/title>\n<meta name=\"description\" content=\": 100 a\u00f1os del Gran Metropolitano de Barcelona (1924-2024)\" \/>\n<meta name=\"robots\" content=\"index, follow, max-snippet:-1, max-image-preview:large, max-video-preview:-1\" \/>\n<link rel=\"canonical\" href=\"https:\/\/aafcb.cat\/en\/activities\/presentacio-llibre-100-anos-del-gran-metropolitano-de-barcelona-1924-2024\/\" \/>\n<meta property=\"og:locale\" content=\"en_US\" \/>\n<meta property=\"og:type\" content=\"article\" \/>\n<meta property=\"og:title\" content=\"Presentaci\u00f3 llibre: 100 a\u00f1os del Gran Metropolitano de Barcelona (1924-2024) - AAFCB\" \/>\n<meta property=\"og:description\" content=\": 100 a\u00f1os del Gran Metropolitano de Barcelona (1924-2024)\" \/>\n<meta property=\"og:url\" content=\"https:\/\/aafcb.cat\/en\/activities\/presentacio-llibre-100-anos-del-gran-metropolitano-de-barcelona-1924-2024\/\" \/>\n<meta property=\"og:site_name\" content=\"AAFCB\" \/>\n<meta property=\"article:published_time\" content=\"2024-12-21T16:51:29+00:00\" \/>\n<meta property=\"article:modified_time\" content=\"2025-01-19T20:15:25+00:00\" \/>\n<meta property=\"og:image\" content=\"https:\/\/aafcb.cat\/aafcb-ferrocarril-media\/Presentacio-20241214.png\" \/>\n\t<meta property=\"og:image:width\" content=\"545\" \/>\n\t<meta property=\"og:image:height\" content=\"516\" \/>\n\t<meta property=\"og:image:type\" content=\"image\/png\" \/>\n<meta name=\"author\" content=\"admin aafcb\" \/>\n<meta name=\"twitter:card\" content=\"summary_large_image\" \/>\n<meta name=\"twitter:label1\" content=\"Written by\" \/>\n\t<meta name=\"twitter:data1\" content=\"admin aafcb\" \/>\n\t<meta name=\"twitter:label2\" content=\"Est. reading time\" \/>\n\t<meta name=\"twitter:data2\" content=\"2 minutes\" \/>\n<script type=\"application\/ld+json\" class=\"yoast-schema-graph\">{\"@context\":\"https:\\\/\\\/schema.org\",\"@graph\":[{\"@type\":\"Article\",\"@id\":\"https:\\\/\\\/aafcb.cat\\\/en\\\/activities\\\/presentacio-llibre-100-anos-del-gran-metropolitano-de-barcelona-1924-2024\\\/#article\",\"isPartOf\":{\"@id\":\"https:\\\/\\\/aafcb.cat\\\/en\\\/activities\\\/presentacio-llibre-100-anos-del-gran-metropolitano-de-barcelona-1924-2024\\\/\"},\"author\":{\"name\":\"admin aafcb\",\"@id\":\"https:\\\/\\\/aafcb.cat\\\/en\\\/#\\\/schema\\\/person\\\/6a0ec10aac06eb575d6bc0d71c431ff9\"},\"headline\":\"Presentaci\u00f3 llibre: 100 a\u00f1os del Gran Metropolitano de Barcelona (1924-2024)\",\"datePublished\":\"2024-12-21T16:51:29+00:00\",\"dateModified\":\"2025-01-19T20:15:25+00:00\",\"mainEntityOfPage\":{\"@id\":\"https:\\\/\\\/aafcb.cat\\\/en\\\/activities\\\/presentacio-llibre-100-anos-del-gran-metropolitano-de-barcelona-1924-2024\\\/\"},\"wordCount\":92,\"image\":{\"@id\":\"https:\\\/\\\/aafcb.cat\\\/en\\\/activities\\\/presentacio-llibre-100-anos-del-gran-metropolitano-de-barcelona-1924-2024\\\/#primaryimage\"},\"thumbnailUrl\":\"https:\\\/\\\/aafcb.cat\\\/aafcb-ferrocarril-media\\\/Presentacio-20241214.png\",\"articleSection\":[\"ACTIVITIES\",\"Forums and Conferences\",\"Social Activities\"],\"inLanguage\":\"en-US\"},{\"@type\":\"WebPage\",\"@id\":\"https:\\\/\\\/aafcb.cat\\\/en\\\/activities\\\/presentacio-llibre-100-anos-del-gran-metropolitano-de-barcelona-1924-2024\\\/\",\"url\":\"https:\\\/\\\/aafcb.cat\\\/en\\\/activities\\\/presentacio-llibre-100-anos-del-gran-metropolitano-de-barcelona-1924-2024\\\/\",\"name\":\"Presentaci\u00f3 llibre: 100 a\u00f1os del Gran Metropolitano de Barcelona (1924-2024) - AAFCB\",\"isPartOf\":{\"@id\":\"https:\\\/\\\/aafcb.cat\\\/en\\\/#website\"},\"primaryImageOfPage\":{\"@id\":\"https:\\\/\\\/aafcb.cat\\\/en\\\/activities\\\/presentacio-llibre-100-anos-del-gran-metropolitano-de-barcelona-1924-2024\\\/#primaryimage\"},\"image\":{\"@id\":\"https:\\\/\\\/aafcb.cat\\\/en\\\/activities\\\/presentacio-llibre-100-anos-del-gran-metropolitano-de-barcelona-1924-2024\\\/#primaryimage\"},\"thumbnailUrl\":\"https:\\\/\\\/aafcb.cat\\\/aafcb-ferrocarril-media\\\/Presentacio-20241214.png\",\"datePublished\":\"2024-12-21T16:51:29+00:00\",\"dateModified\":\"2025-01-19T20:15:25+00:00\",\"author\":{\"@id\":\"https:\\\/\\\/aafcb.cat\\\/en\\\/#\\\/schema\\\/person\\\/6a0ec10aac06eb575d6bc0d71c431ff9\"},\"description\":\": 100 a\u00f1os del Gran Metropolitano de Barcelona (1924-2024)\",\"breadcrumb\":{\"@id\":\"https:\\\/\\\/aafcb.cat\\\/en\\\/activities\\\/presentacio-llibre-100-anos-del-gran-metropolitano-de-barcelona-1924-2024\\\/#breadcrumb\"},\"inLanguage\":\"en-US\",\"potentialAction\":[{\"@type\":\"ReadAction\",\"target\":[\"https:\\\/\\\/aafcb.cat\\\/en\\\/activities\\\/presentacio-llibre-100-anos-del-gran-metropolitano-de-barcelona-1924-2024\\\/\"]}]},{\"@type\":\"ImageObject\",\"inLanguage\":\"en-US\",\"@id\":\"https:\\\/\\\/aafcb.cat\\\/en\\\/activities\\\/presentacio-llibre-100-anos-del-gran-metropolitano-de-barcelona-1924-2024\\\/#primaryimage\",\"url\":\"https:\\\/\\\/aafcb.cat\\\/aafcb-ferrocarril-media\\\/Presentacio-20241214.png\",\"contentUrl\":\"https:\\\/\\\/aafcb.cat\\\/aafcb-ferrocarril-media\\\/Presentacio-20241214.png\",\"width\":545,\"height\":516},{\"@type\":\"BreadcrumbList\",\"@id\":\"https:\\\/\\\/aafcb.cat\\\/en\\\/activities\\\/presentacio-llibre-100-anos-del-gran-metropolitano-de-barcelona-1924-2024\\\/#breadcrumb\",\"itemListElement\":[{\"@type\":\"ListItem\",\"position\":1,\"name\":\"Inici\",\"item\":\"https:\\\/\\\/aafcb.cat\\\/en\\\/home\\\/\"},{\"@type\":\"ListItem\",\"position\":2,\"name\":\"Presentaci\u00f3 llibre: 100 a\u00f1os del Gran Metropolitano de Barcelona (1924-2024)\"}]},{\"@type\":\"WebSite\",\"@id\":\"https:\\\/\\\/aafcb.cat\\\/en\\\/#website\",\"url\":\"https:\\\/\\\/aafcb.cat\\\/en\\\/\",\"name\":\"AAFCB\",\"description\":\"Associaci\u00f3 d&#039;Amics del Ferrocarril de Barcelona\",\"potentialAction\":[{\"@type\":\"SearchAction\",\"target\":{\"@type\":\"EntryPoint\",\"urlTemplate\":\"https:\\\/\\\/aafcb.cat\\\/en\\\/?s={search_term_string}\"},\"query-input\":{\"@type\":\"PropertyValueSpecification\",\"valueRequired\":true,\"valueName\":\"search_term_string\"}}],\"inLanguage\":\"en-US\"},{\"@type\":\"Person\",\"@id\":\"https:\\\/\\\/aafcb.cat\\\/en\\\/#\\\/schema\\\/person\\\/6a0ec10aac06eb575d6bc0d71c431ff9\",\"name\":\"admin aafcb\",\"sameAs\":[\"https:\\\/\\\/aafcb.cat\"],\"url\":\"https:\\\/\\\/aafcb.cat\\\/en\\\/author\\\/aafcb_admin\\\/\"}]}<\/script>\n<!-- \/ Yoast SEO plugin. -->","yoast_head_json":{"title":"Presentaci\u00f3 llibre: 100 a\u00f1os del Gran Metropolitano de Barcelona (1924-2024) - AAFCB","description":": 100 a\u00f1os del Gran Metropolitano de Barcelona (1924-2024)","robots":{"index":"index","follow":"follow","max-snippet":"max-snippet:-1","max-image-preview":"max-image-preview:large","max-video-preview":"max-video-preview:-1"},"canonical":"https:\/\/aafcb.cat\/en\/activities\/presentacio-llibre-100-anos-del-gran-metropolitano-de-barcelona-1924-2024\/","og_locale":"en_US","og_type":"article","og_title":"Presentaci\u00f3 llibre: 100 a\u00f1os del Gran Metropolitano de Barcelona (1924-2024) - AAFCB","og_description":": 100 a\u00f1os del Gran Metropolitano de Barcelona (1924-2024)","og_url":"https:\/\/aafcb.cat\/en\/activities\/presentacio-llibre-100-anos-del-gran-metropolitano-de-barcelona-1924-2024\/","og_site_name":"AAFCB","article_published_time":"2024-12-21T16:51:29+00:00","article_modified_time":"2025-01-19T20:15:25+00:00","og_image":[{"width":545,"height":516,"url":"https:\/\/aafcb.cat\/aafcb-ferrocarril-media\/Presentacio-20241214.png","type":"image\/png"}],"author":"admin aafcb","twitter_card":"summary_large_image","twitter_misc":{"Written by":"admin aafcb","Est. reading time":"2 minutes"},"schema":{"@context":"https:\/\/schema.org","@graph":[{"@type":"Article","@id":"https:\/\/aafcb.cat\/en\/activities\/presentacio-llibre-100-anos-del-gran-metropolitano-de-barcelona-1924-2024\/#article","isPartOf":{"@id":"https:\/\/aafcb.cat\/en\/activities\/presentacio-llibre-100-anos-del-gran-metropolitano-de-barcelona-1924-2024\/"},"author":{"name":"admin aafcb","@id":"https:\/\/aafcb.cat\/en\/#\/schema\/person\/6a0ec10aac06eb575d6bc0d71c431ff9"},"headline":"Presentaci\u00f3 llibre: 100 a\u00f1os del Gran Metropolitano de Barcelona (1924-2024)","datePublished":"2024-12-21T16:51:29+00:00","dateModified":"2025-01-19T20:15:25+00:00","mainEntityOfPage":{"@id":"https:\/\/aafcb.cat\/en\/activities\/presentacio-llibre-100-anos-del-gran-metropolitano-de-barcelona-1924-2024\/"},"wordCount":92,"image":{"@id":"https:\/\/aafcb.cat\/en\/activities\/presentacio-llibre-100-anos-del-gran-metropolitano-de-barcelona-1924-2024\/#primaryimage"},"thumbnailUrl":"https:\/\/aafcb.cat\/aafcb-ferrocarril-media\/Presentacio-20241214.png","articleSection":["ACTIVITIES","Forums and Conferences","Social Activities"],"inLanguage":"en-US"},{"@type":"WebPage","@id":"https:\/\/aafcb.cat\/en\/activities\/presentacio-llibre-100-anos-del-gran-metropolitano-de-barcelona-1924-2024\/","url":"https:\/\/aafcb.cat\/en\/activities\/presentacio-llibre-100-anos-del-gran-metropolitano-de-barcelona-1924-2024\/","name":"Presentaci\u00f3 llibre: 100 a\u00f1os del Gran Metropolitano de Barcelona (1924-2024) - AAFCB","isPartOf":{"@id":"https:\/\/aafcb.cat\/en\/#website"},"primaryImageOfPage":{"@id":"https:\/\/aafcb.cat\/en\/activities\/presentacio-llibre-100-anos-del-gran-metropolitano-de-barcelona-1924-2024\/#primaryimage"},"image":{"@id":"https:\/\/aafcb.cat\/en\/activities\/presentacio-llibre-100-anos-del-gran-metropolitano-de-barcelona-1924-2024\/#primaryimage"},"thumbnailUrl":"https:\/\/aafcb.cat\/aafcb-ferrocarril-media\/Presentacio-20241214.png","datePublished":"2024-12-21T16:51:29+00:00","dateModified":"2025-01-19T20:15:25+00:00","author":{"@id":"https:\/\/aafcb.cat\/en\/#\/schema\/person\/6a0ec10aac06eb575d6bc0d71c431ff9"},"description":": 100 a\u00f1os del Gran Metropolitano de Barcelona (1924-2024)","breadcrumb":{"@id":"https:\/\/aafcb.cat\/en\/activities\/presentacio-llibre-100-anos-del-gran-metropolitano-de-barcelona-1924-2024\/#breadcrumb"},"inLanguage":"en-US","potentialAction":[{"@type":"ReadAction","target":["https:\/\/aafcb.cat\/en\/activities\/presentacio-llibre-100-anos-del-gran-metropolitano-de-barcelona-1924-2024\/"]}]},{"@type":"ImageObject","inLanguage":"en-US","@id":"https:\/\/aafcb.cat\/en\/activities\/presentacio-llibre-100-anos-del-gran-metropolitano-de-barcelona-1924-2024\/#primaryimage","url":"https:\/\/aafcb.cat\/aafcb-ferrocarril-media\/Presentacio-20241214.png","contentUrl":"https:\/\/aafcb.cat\/aafcb-ferrocarril-media\/Presentacio-20241214.png","width":545,"height":516},{"@type":"BreadcrumbList","@id":"https:\/\/aafcb.cat\/en\/activities\/presentacio-llibre-100-anos-del-gran-metropolitano-de-barcelona-1924-2024\/#breadcrumb","itemListElement":[{"@type":"ListItem","position":1,"name":"Inici","item":"https:\/\/aafcb.cat\/en\/home\/"},{"@type":"ListItem","position":2,"name":"Presentaci\u00f3 llibre: 100 a\u00f1os del Gran Metropolitano de Barcelona (1924-2024)"}]},{"@type":"WebSite","@id":"https:\/\/aafcb.cat\/en\/#website","url":"https:\/\/aafcb.cat\/en\/","name":"AAFCB","description":"Associaci\u00f3 d&#039;Amics del Ferrocarril de Barcelona","potentialAction":[{"@type":"SearchAction","target":{"@type":"EntryPoint","urlTemplate":"https:\/\/aafcb.cat\/en\/?s={search_term_string}"},"query-input":{"@type":"PropertyValueSpecification","valueRequired":true,"valueName":"search_term_string"}}],"inLanguage":"en-US"},{"@type":"Person","@id":"https:\/\/aafcb.cat\/en\/#\/schema\/person\/6a0ec10aac06eb575d6bc0d71c431ff9","name":"admin aafcb","sameAs":["https:\/\/aafcb.cat"],"url":"https:\/\/aafcb.cat\/en\/author\/aafcb_admin\/"}]}},"_links":{"self":[{"href":"https:\/\/aafcb.cat\/en\/wp-json\/wp\/v2\/posts\/10121","targetHints":{"allow":["GET"]}}],"collection":[{"href":"https:\/\/aafcb.cat\/en\/wp-json\/wp\/v2\/posts"}],"about":[{"href":"https:\/\/aafcb.cat\/en\/wp-json\/wp\/v2\/types\/post"}],"author":[{"embeddable":true,"href":"https:\/\/aafcb.cat\/en\/wp-json\/wp\/v2\/users\/5"}],"replies":[{"embeddable":true,"href":"https:\/\/aafcb.cat\/en\/wp-json\/wp\/v2\/comments?post=10121"}],"version-history":[{"count":1,"href":"https:\/\/aafcb.cat\/en\/wp-json\/wp\/v2\/posts\/10121\/revisions"}],"predecessor-version":[{"id":10123,"href":"https:\/\/aafcb.cat\/en\/wp-json\/wp\/v2\/posts\/10121\/revisions\/10123"}],"wp:featuredmedia":[{"embeddable":true,"href":"https:\/\/aafcb.cat\/en\/wp-json\/wp\/v2\/media\/9944"}],"wp:attachment":[{"href":"https:\/\/aafcb.cat\/en\/wp-json\/wp\/v2\/media?parent=10121"}],"wp:term":[{"taxonomy":"category","embeddable":true,"href":"https:\/\/aafcb.cat\/en\/wp-json\/wp\/v2\/categories?post=10121"},{"taxonomy":"post_tag","embeddable":true,"href":"https:\/\/aafcb.cat\/en\/wp-json\/wp\/v2\/tags?post=10121"}],"curies":[{"name":"wp","href":"https:\/\/api.w.org\/{rel}","templated":true}]}}