{"id":10142,"date":"2024-10-30T20:33:46","date_gmt":"2024-10-30T19:33:46","guid":{"rendered":"https:\/\/aafcb.cat\/general-en\/viatge-a-asturies\/"},"modified":"2025-01-30T23:25:10","modified_gmt":"2025-01-30T22:25:10","slug":"viatge-a-asturies","status":"publish","type":"post","link":"https:\/\/aafcb.cat\/en\/activities\/travels\/viatge-a-asturies\/","title":{"rendered":"Viatge a Ast\u00faries"},"content":{"rendered":"<p><span style=\"color: #000000;\"><span style=\"font-family: Arial, sans-serif;\"><span style=\"font-size: medium;\">El mes d&#8217;octubre de 2024, 44 socis de l&#8217;entitat van fer un viatge ferroviari a Ast\u00faries. El despla\u00e7ament fins a Gij\u00f3n es va fer en tren via Madrid, de Barcelona a Madrid amb la companyia IRYO i de Madrid a Gij\u00f3n amb el nou material Talgo s\u00e8rie 106, creuant el t\u00fanel de base de Pajares de 24 km.<\/span><\/span><\/span><\/p>\n<p><span style=\"color: #000000;\"><span style=\"font-family: Arial, sans-serif;\"><span style=\"font-size: medium;\">Est\u00e0vem allotjats a l&#8217;hotel Silken, davant de l&#8217;estaci\u00f3 provisional de Gijon.<\/span><\/span><\/span><\/p>\n<p><span style=\"color: #000000;\"><span style=\"font-family: Arial, sans-serif;\"><span style=\"font-size: medium;\">El nostre itinerari de visites ferrovi\u00e0ries i de Patrimoni Industrial va consistir en visitar el Museu del Ferrocarril d&#8217;Ast\u00faries, on v\u00e0rem gaudir del Patrimoni preservat i un curt viatge amb tren de vapor. Despr\u00e9s en ferrocarril de via estreta ens van despla\u00e7ar al Berron on es troben els tallers de manteniment de la xarxa de Renfe Via Estreta. El dia seg\u00fcent ens esperava el recorregut per l&#8217;antiga l\u00ednia del Pajares fins a Le\u00f3n, on v\u00e0rem poder gaudir dels magn\u00edfics paisatges de la muntanya asturiana i lleonesa.<\/span><\/span><\/span><\/p>\n<p><span style=\"color: #000000;\"><span style=\"font-family: Arial, sans-serif;\"><span style=\"font-size: medium;\">Per acabar el nostre recorregut per el patrimoni industrial v\u00e0rem gaudir de visites al Museu de la Ind\u00fastria i Mineria i El Ecomuseo del Entrego, amb recorregut de 2 km en tren miner fins les profunditats de la mina.<\/span><\/span><\/span><\/p>\n<p><img loading=\"lazy\" decoding=\"async\" class=\"alignnone size-medium wp-image-10068\" src=\"https:\/\/aafcb.cat\/aafcb-ferrocarril-media\/20241030-asturies-5-225x300.jpg\" alt=\"\" width=\"225\" height=\"300\" \/> <img loading=\"lazy\" decoding=\"async\" class=\"alignnone size-medium wp-image-10072\" src=\"https:\/\/aafcb.cat\/aafcb-ferrocarril-media\/20241030-asturies-11-300x225.jpg\" alt=\"\" width=\"300\" height=\"225\" \/> <img loading=\"lazy\" decoding=\"async\" class=\"alignnone size-medium wp-image-10076\" src=\"https:\/\/aafcb.cat\/aafcb-ferrocarril-media\/20241030-asturies-15-300x225.jpg\" alt=\"\" width=\"300\" height=\"225\" \/> <img loading=\"lazy\" decoding=\"async\" class=\"alignnone size-medium wp-image-10080\" src=\"https:\/\/aafcb.cat\/aafcb-ferrocarril-media\/20241030-asturies-17-300x225.jpg\" alt=\"\" width=\"300\" height=\"225\" \/> <img loading=\"lazy\" decoding=\"async\" class=\"alignnone size-medium wp-image-10084\" src=\"https:\/\/aafcb.cat\/aafcb-ferrocarril-media\/20241030-asturies-20-300x225.jpg\" alt=\"\" width=\"300\" height=\"225\" \/> <img loading=\"lazy\" decoding=\"async\" class=\"alignnone size-medium wp-image-10088\" src=\"https:\/\/aafcb.cat\/aafcb-ferrocarril-media\/20241030-asturies-28-225x300.jpg\" alt=\"\" width=\"225\" height=\"300\" \/> <img loading=\"lazy\" decoding=\"async\" class=\"alignnone size-medium wp-image-10092\" src=\"https:\/\/aafcb.cat\/aafcb-ferrocarril-media\/20241030-asturies-30-300x225.jpg\" alt=\"\" width=\"300\" height=\"225\" \/> <img loading=\"lazy\" decoding=\"async\" class=\"alignnone size-medium wp-image-10096\" src=\"https:\/\/aafcb.cat\/aafcb-ferrocarril-media\/20241030-asturies-35-225x300.jpg\" alt=\"\" width=\"225\" height=\"300\" \/> <img loading=\"lazy\" decoding=\"async\" class=\"alignnone size-medium wp-image-10100\" src=\"https:\/\/aafcb.cat\/aafcb-ferrocarril-media\/20241030-asturies-36-300x225.jpg\" alt=\"\" width=\"300\" height=\"225\" \/><\/p>\n","protected":false},"excerpt":{"rendered":"<p>El mes d&#8217;octubre de 2024, 44 socis de l&#8217;entitat van fer un viatge ferroviari a Ast\u00faries. El despla\u00e7ament fins a Gij\u00f3n es va fer en tren via Madrid, de Barcelona [&hellip;]<\/p>\n","protected":false},"author":5,"featured_media":9990,"comment_status":"closed","ping_status":"closed","sticky":false,"template":"","format":"standard","meta":{"_et_pb_use_builder":"","_et_pb_old_content":"","_et_gb_content_width":"","footnotes":""},"categories":[33],"tags":[],"class_list":["post-10142","post","type-post","status-publish","format-standard","has-post-thumbnail","hentry","category-travels"],"yoast_head":"<!-- This site is optimized with the Yoast SEO plugin v27.3 - https:\/\/yoast.com\/product\/yoast-seo-wordpress\/ -->\n<title>Viatge a Ast\u00faries - AAFCB<\/title>\n<meta name=\"robots\" content=\"index, follow, max-snippet:-1, max-image-preview:large, max-video-preview:-1\" \/>\n<link rel=\"canonical\" href=\"https:\/\/aafcb.cat\/en\/activities\/travels\/viatge-a-asturies\/\" \/>\n<meta property=\"og:locale\" content=\"en_US\" \/>\n<meta property=\"og:type\" content=\"article\" \/>\n<meta property=\"og:title\" content=\"Viatge a Ast\u00faries - AAFCB\" \/>\n<meta property=\"og:description\" content=\"El mes d&#8217;octubre de 2024, 44 socis de l&#8217;entitat van fer un viatge ferroviari a Ast\u00faries. El despla\u00e7ament fins a Gij\u00f3n es va fer en tren via Madrid, de Barcelona [&hellip;]\" \/>\n<meta property=\"og:url\" content=\"https:\/\/aafcb.cat\/en\/activities\/travels\/viatge-a-asturies\/\" \/>\n<meta property=\"og:site_name\" content=\"AAFCB\" \/>\n<meta property=\"article:published_time\" content=\"2024-10-30T19:33:46+00:00\" \/>\n<meta property=\"article:modified_time\" content=\"2025-01-30T22:25:10+00:00\" \/>\n<meta property=\"og:image\" content=\"https:\/\/aafcb.cat\/aafcb-ferrocarril-media\/asturies-9-portada.jpg\" \/>\n\t<meta property=\"og:image:width\" content=\"800\" \/>\n\t<meta property=\"og:image:height\" content=\"600\" \/>\n\t<meta property=\"og:image:type\" content=\"image\/jpeg\" \/>\n<meta name=\"author\" content=\"admin aafcb\" \/>\n<meta name=\"twitter:card\" content=\"summary_large_image\" \/>\n<meta name=\"twitter:label1\" content=\"Written by\" \/>\n\t<meta name=\"twitter:data1\" content=\"admin aafcb\" \/>\n\t<meta name=\"twitter:label2\" content=\"Est. reading time\" \/>\n\t<meta name=\"twitter:data2\" content=\"4 minutes\" \/>\n<script type=\"application\/ld+json\" class=\"yoast-schema-graph\">{\"@context\":\"https:\\\/\\\/schema.org\",\"@graph\":[{\"@type\":\"Article\",\"@id\":\"https:\\\/\\\/aafcb.cat\\\/en\\\/activities\\\/travels\\\/viatge-a-asturies\\\/#article\",\"isPartOf\":{\"@id\":\"https:\\\/\\\/aafcb.cat\\\/en\\\/activities\\\/travels\\\/viatge-a-asturies\\\/\"},\"author\":{\"name\":\"admin aafcb\",\"@id\":\"https:\\\/\\\/aafcb.cat\\\/en\\\/#\\\/schema\\\/person\\\/6a0ec10aac06eb575d6bc0d71c431ff9\"},\"headline\":\"Viatge a Ast\u00faries\",\"datePublished\":\"2024-10-30T19:33:46+00:00\",\"dateModified\":\"2025-01-30T22:25:10+00:00\",\"mainEntityOfPage\":{\"@id\":\"https:\\\/\\\/aafcb.cat\\\/en\\\/activities\\\/travels\\\/viatge-a-asturies\\\/\"},\"wordCount\":218,\"image\":{\"@id\":\"https:\\\/\\\/aafcb.cat\\\/en\\\/activities\\\/travels\\\/viatge-a-asturies\\\/#primaryimage\"},\"thumbnailUrl\":\"https:\\\/\\\/aafcb.cat\\\/aafcb-ferrocarril-media\\\/asturies-9-portada.jpg\",\"articleSection\":[\"Travels\"],\"inLanguage\":\"en-US\"},{\"@type\":\"WebPage\",\"@id\":\"https:\\\/\\\/aafcb.cat\\\/en\\\/activities\\\/travels\\\/viatge-a-asturies\\\/\",\"url\":\"https:\\\/\\\/aafcb.cat\\\/en\\\/activities\\\/travels\\\/viatge-a-asturies\\\/\",\"name\":\"Viatge a Ast\u00faries - AAFCB\",\"isPartOf\":{\"@id\":\"https:\\\/\\\/aafcb.cat\\\/en\\\/#website\"},\"primaryImageOfPage\":{\"@id\":\"https:\\\/\\\/aafcb.cat\\\/en\\\/activities\\\/travels\\\/viatge-a-asturies\\\/#primaryimage\"},\"image\":{\"@id\":\"https:\\\/\\\/aafcb.cat\\\/en\\\/activities\\\/travels\\\/viatge-a-asturies\\\/#primaryimage\"},\"thumbnailUrl\":\"https:\\\/\\\/aafcb.cat\\\/aafcb-ferrocarril-media\\\/asturies-9-portada.jpg\",\"datePublished\":\"2024-10-30T19:33:46+00:00\",\"dateModified\":\"2025-01-30T22:25:10+00:00\",\"author\":{\"@id\":\"https:\\\/\\\/aafcb.cat\\\/en\\\/#\\\/schema\\\/person\\\/6a0ec10aac06eb575d6bc0d71c431ff9\"},\"breadcrumb\":{\"@id\":\"https:\\\/\\\/aafcb.cat\\\/en\\\/activities\\\/travels\\\/viatge-a-asturies\\\/#breadcrumb\"},\"inLanguage\":\"en-US\",\"potentialAction\":[{\"@type\":\"ReadAction\",\"target\":[\"https:\\\/\\\/aafcb.cat\\\/en\\\/activities\\\/travels\\\/viatge-a-asturies\\\/\"]}]},{\"@type\":\"ImageObject\",\"inLanguage\":\"en-US\",\"@id\":\"https:\\\/\\\/aafcb.cat\\\/en\\\/activities\\\/travels\\\/viatge-a-asturies\\\/#primaryimage\",\"url\":\"https:\\\/\\\/aafcb.cat\\\/aafcb-ferrocarril-media\\\/asturies-9-portada.jpg\",\"contentUrl\":\"https:\\\/\\\/aafcb.cat\\\/aafcb-ferrocarril-media\\\/asturies-9-portada.jpg\",\"width\":800,\"height\":600},{\"@type\":\"BreadcrumbList\",\"@id\":\"https:\\\/\\\/aafcb.cat\\\/en\\\/activities\\\/travels\\\/viatge-a-asturies\\\/#breadcrumb\",\"itemListElement\":[{\"@type\":\"ListItem\",\"position\":1,\"name\":\"Inici\",\"item\":\"https:\\\/\\\/aafcb.cat\\\/en\\\/home\\\/\"},{\"@type\":\"ListItem\",\"position\":2,\"name\":\"Viatge a Ast\u00faries\"}]},{\"@type\":\"WebSite\",\"@id\":\"https:\\\/\\\/aafcb.cat\\\/en\\\/#website\",\"url\":\"https:\\\/\\\/aafcb.cat\\\/en\\\/\",\"name\":\"AAFCB\",\"description\":\"Associaci\u00f3 d&#039;Amics del Ferrocarril de Barcelona\",\"potentialAction\":[{\"@type\":\"SearchAction\",\"target\":{\"@type\":\"EntryPoint\",\"urlTemplate\":\"https:\\\/\\\/aafcb.cat\\\/en\\\/?s={search_term_string}\"},\"query-input\":{\"@type\":\"PropertyValueSpecification\",\"valueRequired\":true,\"valueName\":\"search_term_string\"}}],\"inLanguage\":\"en-US\"},{\"@type\":\"Person\",\"@id\":\"https:\\\/\\\/aafcb.cat\\\/en\\\/#\\\/schema\\\/person\\\/6a0ec10aac06eb575d6bc0d71c431ff9\",\"name\":\"admin aafcb\",\"sameAs\":[\"https:\\\/\\\/aafcb.cat\"],\"url\":\"https:\\\/\\\/aafcb.cat\\\/en\\\/author\\\/aafcb_admin\\\/\"}]}<\/script>\n<!-- \/ Yoast SEO plugin. -->","yoast_head_json":{"title":"Viatge a Ast\u00faries - AAFCB","robots":{"index":"index","follow":"follow","max-snippet":"max-snippet:-1","max-image-preview":"max-image-preview:large","max-video-preview":"max-video-preview:-1"},"canonical":"https:\/\/aafcb.cat\/en\/activities\/travels\/viatge-a-asturies\/","og_locale":"en_US","og_type":"article","og_title":"Viatge a Ast\u00faries - AAFCB","og_description":"El mes d&#8217;octubre de 2024, 44 socis de l&#8217;entitat van fer un viatge ferroviari a Ast\u00faries. El despla\u00e7ament fins a Gij\u00f3n es va fer en tren via Madrid, de Barcelona [&hellip;]","og_url":"https:\/\/aafcb.cat\/en\/activities\/travels\/viatge-a-asturies\/","og_site_name":"AAFCB","article_published_time":"2024-10-30T19:33:46+00:00","article_modified_time":"2025-01-30T22:25:10+00:00","og_image":[{"width":800,"height":600,"url":"https:\/\/aafcb.cat\/aafcb-ferrocarril-media\/asturies-9-portada.jpg","type":"image\/jpeg"}],"author":"admin aafcb","twitter_card":"summary_large_image","twitter_misc":{"Written by":"admin aafcb","Est. reading time":"4 minutes"},"schema":{"@context":"https:\/\/schema.org","@graph":[{"@type":"Article","@id":"https:\/\/aafcb.cat\/en\/activities\/travels\/viatge-a-asturies\/#article","isPartOf":{"@id":"https:\/\/aafcb.cat\/en\/activities\/travels\/viatge-a-asturies\/"},"author":{"name":"admin aafcb","@id":"https:\/\/aafcb.cat\/en\/#\/schema\/person\/6a0ec10aac06eb575d6bc0d71c431ff9"},"headline":"Viatge a Ast\u00faries","datePublished":"2024-10-30T19:33:46+00:00","dateModified":"2025-01-30T22:25:10+00:00","mainEntityOfPage":{"@id":"https:\/\/aafcb.cat\/en\/activities\/travels\/viatge-a-asturies\/"},"wordCount":218,"image":{"@id":"https:\/\/aafcb.cat\/en\/activities\/travels\/viatge-a-asturies\/#primaryimage"},"thumbnailUrl":"https:\/\/aafcb.cat\/aafcb-ferrocarril-media\/asturies-9-portada.jpg","articleSection":["Travels"],"inLanguage":"en-US"},{"@type":"WebPage","@id":"https:\/\/aafcb.cat\/en\/activities\/travels\/viatge-a-asturies\/","url":"https:\/\/aafcb.cat\/en\/activities\/travels\/viatge-a-asturies\/","name":"Viatge a Ast\u00faries - AAFCB","isPartOf":{"@id":"https:\/\/aafcb.cat\/en\/#website"},"primaryImageOfPage":{"@id":"https:\/\/aafcb.cat\/en\/activities\/travels\/viatge-a-asturies\/#primaryimage"},"image":{"@id":"https:\/\/aafcb.cat\/en\/activities\/travels\/viatge-a-asturies\/#primaryimage"},"thumbnailUrl":"https:\/\/aafcb.cat\/aafcb-ferrocarril-media\/asturies-9-portada.jpg","datePublished":"2024-10-30T19:33:46+00:00","dateModified":"2025-01-30T22:25:10+00:00","author":{"@id":"https:\/\/aafcb.cat\/en\/#\/schema\/person\/6a0ec10aac06eb575d6bc0d71c431ff9"},"breadcrumb":{"@id":"https:\/\/aafcb.cat\/en\/activities\/travels\/viatge-a-asturies\/#breadcrumb"},"inLanguage":"en-US","potentialAction":[{"@type":"ReadAction","target":["https:\/\/aafcb.cat\/en\/activities\/travels\/viatge-a-asturies\/"]}]},{"@type":"ImageObject","inLanguage":"en-US","@id":"https:\/\/aafcb.cat\/en\/activities\/travels\/viatge-a-asturies\/#primaryimage","url":"https:\/\/aafcb.cat\/aafcb-ferrocarril-media\/asturies-9-portada.jpg","contentUrl":"https:\/\/aafcb.cat\/aafcb-ferrocarril-media\/asturies-9-portada.jpg","width":800,"height":600},{"@type":"BreadcrumbList","@id":"https:\/\/aafcb.cat\/en\/activities\/travels\/viatge-a-asturies\/#breadcrumb","itemListElement":[{"@type":"ListItem","position":1,"name":"Inici","item":"https:\/\/aafcb.cat\/en\/home\/"},{"@type":"ListItem","position":2,"name":"Viatge a Ast\u00faries"}]},{"@type":"WebSite","@id":"https:\/\/aafcb.cat\/en\/#website","url":"https:\/\/aafcb.cat\/en\/","name":"AAFCB","description":"Associaci\u00f3 d&#039;Amics del Ferrocarril de Barcelona","potentialAction":[{"@type":"SearchAction","target":{"@type":"EntryPoint","urlTemplate":"https:\/\/aafcb.cat\/en\/?s={search_term_string}"},"query-input":{"@type":"PropertyValueSpecification","valueRequired":true,"valueName":"search_term_string"}}],"inLanguage":"en-US"},{"@type":"Person","@id":"https:\/\/aafcb.cat\/en\/#\/schema\/person\/6a0ec10aac06eb575d6bc0d71c431ff9","name":"admin aafcb","sameAs":["https:\/\/aafcb.cat"],"url":"https:\/\/aafcb.cat\/en\/author\/aafcb_admin\/"}]}},"_links":{"self":[{"href":"https:\/\/aafcb.cat\/en\/wp-json\/wp\/v2\/posts\/10142","targetHints":{"allow":["GET"]}}],"collection":[{"href":"https:\/\/aafcb.cat\/en\/wp-json\/wp\/v2\/posts"}],"about":[{"href":"https:\/\/aafcb.cat\/en\/wp-json\/wp\/v2\/types\/post"}],"author":[{"embeddable":true,"href":"https:\/\/aafcb.cat\/en\/wp-json\/wp\/v2\/users\/5"}],"replies":[{"embeddable":true,"href":"https:\/\/aafcb.cat\/en\/wp-json\/wp\/v2\/comments?post=10142"}],"version-history":[{"count":1,"href":"https:\/\/aafcb.cat\/en\/wp-json\/wp\/v2\/posts\/10142\/revisions"}],"predecessor-version":[{"id":10145,"href":"https:\/\/aafcb.cat\/en\/wp-json\/wp\/v2\/posts\/10142\/revisions\/10145"}],"wp:featuredmedia":[{"embeddable":true,"href":"https:\/\/aafcb.cat\/en\/wp-json\/wp\/v2\/media\/9990"}],"wp:attachment":[{"href":"https:\/\/aafcb.cat\/en\/wp-json\/wp\/v2\/media?parent=10142"}],"wp:term":[{"taxonomy":"category","embeddable":true,"href":"https:\/\/aafcb.cat\/en\/wp-json\/wp\/v2\/categories?post=10142"},{"taxonomy":"post_tag","embeddable":true,"href":"https:\/\/aafcb.cat\/en\/wp-json\/wp\/v2\/tags?post=10142"}],"curies":[{"name":"wp","href":"https:\/\/api.w.org\/{rel}","templated":true}]}}