{"id":10156,"date":"2024-07-24T20:27:37","date_gmt":"2024-07-24T18:27:37","guid":{"rendered":"https:\/\/aafcb.cat\/general-es\/viatge-a-nuria\/"},"modified":"2025-01-30T23:26:05","modified_gmt":"2025-01-30T22:26:05","slug":"viatge-a-nuria","status":"publish","type":"post","link":"https:\/\/aafcb.cat\/es\/actividades\/viajes\/viatge-a-nuria\/","title":{"rendered":"Viatge a N\u00f9ria"},"content":{"rendered":"<p><span style=\"color: #000000;\"><span style=\"font-family: Arial, sans-serif;\"><span style=\"font-size: medium;\">El dijous 11 de juliol de 2024 ens van anar a la Vall de N\u00faria en un viatge ferroviari amb el material restaurat\u00a0 er Ferrocarrils de la Generalitat i que va circular als anys 50 en Suiza entre Visp i Zermatt un grup de 40 socis de l&#8217;entitat.<\/span><\/span><\/span><\/p>\n<p><span style=\"color: #000000;\"><span style=\"font-family: Arial, sans-serif;\"><span style=\"font-size: medium;\">A l&#8217;estaci\u00f3 de Ribes enlla\u00e7 ens espera la composici\u00f3 formada per la locomotora h\u00edbrida\u00a0de Stadler \u00abSalvador Carrera\u00bb H12 amb els 2 cotxes restaurats.<\/span><\/span><\/span><\/p>\n<p><span style=\"color: #000000;\"><span style=\"font-family: Arial, sans-serif;\"><span style=\"font-size: medium;\">Despr\u00e9s del meravell\u00f3s viatge fins a N\u00faria, v\u00e0rem poder gaudir dels paisatges i fotografia les diferents composicions que arribaran a l&#8217;estaci\u00f3 de N\u00faria. Al migdia van gaudir del dinar a l&#8217;hotel del Santuari a mitja tarda varen fer la tornada amb la mateixa composici\u00f3 fins Ribes Enlla\u00e7.<\/span><\/span><\/span><\/p>\n<p><img loading=\"lazy\" decoding=\"async\" class=\"alignnone size-medium wp-image-10039\" src=\"https:\/\/aafcb.cat\/aafcb-ferrocarril-media\/20240724-Nuria-aafcb-300x200.jpg\" alt=\"\" width=\"300\" height=\"200\" \/> <img loading=\"lazy\" decoding=\"async\" class=\"alignnone size-medium wp-image-10043\" src=\"https:\/\/aafcb.cat\/aafcb-ferrocarril-media\/20240724-Nuria-aafcb-1-300x200.jpg\" alt=\"\" width=\"300\" height=\"200\" \/> <img loading=\"lazy\" decoding=\"async\" class=\"alignnone size-medium wp-image-10047\" src=\"https:\/\/aafcb.cat\/aafcb-ferrocarril-media\/20240724-Nuria-aafcb-2-300x200.jpg\" alt=\"\" width=\"300\" height=\"200\" \/> <img loading=\"lazy\" decoding=\"async\" class=\"alignnone size-medium wp-image-10051\" src=\"https:\/\/aafcb.cat\/aafcb-ferrocarril-media\/20240724-Nuria-aafcb-3-300x200.jpg\" alt=\"\" width=\"300\" height=\"200\" \/> <img loading=\"lazy\" decoding=\"async\" class=\"alignnone size-medium wp-image-10055\" src=\"https:\/\/aafcb.cat\/aafcb-ferrocarril-media\/20240724-Nuria-aafcb-5-300x200.jpg\" alt=\"\" width=\"300\" height=\"200\" \/> <img loading=\"lazy\" decoding=\"async\" class=\"alignnone size-medium wp-image-10059\" src=\"https:\/\/aafcb.cat\/aafcb-ferrocarril-media\/20240724-Nuria-aafcb-7-300x200.jpg\" alt=\"\" width=\"300\" height=\"200\" \/> <img loading=\"lazy\" decoding=\"async\" class=\"alignnone size-medium wp-image-10063\" src=\"https:\/\/aafcb.cat\/aafcb-ferrocarril-media\/20240724-uria-aafcb-4-300x200.jpg\" alt=\"\" width=\"300\" height=\"200\" \/><\/p>\n","protected":false},"excerpt":{"rendered":"<p>El dijous 11 de juliol de 2024 ens van anar a la Vall de N\u00faria en un viatge ferroviari amb el material restaurat\u00a0 er Ferrocarrils de la Generalitat i que [&hellip;]<\/p>\n","protected":false},"author":5,"featured_media":9988,"comment_status":"closed","ping_status":"closed","sticky":false,"template":"","format":"standard","meta":{"_et_pb_use_builder":"","_et_pb_old_content":"","_et_gb_content_width":"","footnotes":""},"categories":[32],"tags":[],"class_list":["post-10156","post","type-post","status-publish","format-standard","has-post-thumbnail","hentry","category-viajes"],"yoast_head":"<!-- This site is optimized with the Yoast SEO plugin v27.3 - https:\/\/yoast.com\/product\/yoast-seo-wordpress\/ -->\n<title>Viatge a N\u00f9ria - AAFCB<\/title>\n<meta name=\"robots\" content=\"index, follow, max-snippet:-1, max-image-preview:large, max-video-preview:-1\" \/>\n<link rel=\"canonical\" href=\"https:\/\/aafcb.cat\/es\/actividades\/viajes\/viatge-a-nuria\/\" \/>\n<meta property=\"og:locale\" content=\"es_ES\" \/>\n<meta property=\"og:type\" content=\"article\" \/>\n<meta property=\"og:title\" content=\"Viatge a N\u00f9ria - AAFCB\" \/>\n<meta property=\"og:description\" content=\"El dijous 11 de juliol de 2024 ens van anar a la Vall de N\u00faria en un viatge ferroviari amb el material restaurat\u00a0 er Ferrocarrils de la Generalitat i que [&hellip;]\" \/>\n<meta property=\"og:url\" content=\"https:\/\/aafcb.cat\/es\/actividades\/viajes\/viatge-a-nuria\/\" \/>\n<meta property=\"og:site_name\" content=\"AAFCB\" \/>\n<meta property=\"article:published_time\" content=\"2024-07-24T18:27:37+00:00\" \/>\n<meta property=\"article:modified_time\" content=\"2025-01-30T22:26:05+00:00\" \/>\n<meta property=\"og:image\" content=\"https:\/\/aafcb.cat\/aafcb-ferrocarril-media\/NURIA-PORTADA.jpg\" \/>\n\t<meta property=\"og:image:width\" content=\"800\" \/>\n\t<meta property=\"og:image:height\" content=\"533\" \/>\n\t<meta property=\"og:image:type\" content=\"image\/jpeg\" \/>\n<meta name=\"author\" content=\"admin aafcb\" \/>\n<meta name=\"twitter:card\" content=\"summary_large_image\" \/>\n<meta name=\"twitter:label1\" content=\"Escrito por\" \/>\n\t<meta name=\"twitter:data1\" content=\"admin aafcb\" \/>\n\t<meta name=\"twitter:label2\" content=\"Tiempo de lectura\" \/>\n\t<meta name=\"twitter:data2\" content=\"3 minutos\" \/>\n<script type=\"application\/ld+json\" class=\"yoast-schema-graph\">{\"@context\":\"https:\\\/\\\/schema.org\",\"@graph\":[{\"@type\":\"Article\",\"@id\":\"https:\\\/\\\/aafcb.cat\\\/es\\\/actividades\\\/viajes\\\/viatge-a-nuria\\\/#article\",\"isPartOf\":{\"@id\":\"https:\\\/\\\/aafcb.cat\\\/es\\\/actividades\\\/viajes\\\/viatge-a-nuria\\\/\"},\"author\":{\"name\":\"admin aafcb\",\"@id\":\"https:\\\/\\\/aafcb.cat\\\/es\\\/#\\\/schema\\\/person\\\/6a0ec10aac06eb575d6bc0d71c431ff9\"},\"headline\":\"Viatge a N\u00f9ria\",\"datePublished\":\"2024-07-24T18:27:37+00:00\",\"dateModified\":\"2025-01-30T22:26:05+00:00\",\"mainEntityOfPage\":{\"@id\":\"https:\\\/\\\/aafcb.cat\\\/es\\\/actividades\\\/viajes\\\/viatge-a-nuria\\\/\"},\"wordCount\":129,\"image\":{\"@id\":\"https:\\\/\\\/aafcb.cat\\\/es\\\/actividades\\\/viajes\\\/viatge-a-nuria\\\/#primaryimage\"},\"thumbnailUrl\":\"https:\\\/\\\/aafcb.cat\\\/aafcb-ferrocarril-media\\\/NURIA-PORTADA.jpg\",\"articleSection\":[\"Viajes\"],\"inLanguage\":\"es\"},{\"@type\":\"WebPage\",\"@id\":\"https:\\\/\\\/aafcb.cat\\\/es\\\/actividades\\\/viajes\\\/viatge-a-nuria\\\/\",\"url\":\"https:\\\/\\\/aafcb.cat\\\/es\\\/actividades\\\/viajes\\\/viatge-a-nuria\\\/\",\"name\":\"Viatge a N\u00f9ria - AAFCB\",\"isPartOf\":{\"@id\":\"https:\\\/\\\/aafcb.cat\\\/es\\\/#website\"},\"primaryImageOfPage\":{\"@id\":\"https:\\\/\\\/aafcb.cat\\\/es\\\/actividades\\\/viajes\\\/viatge-a-nuria\\\/#primaryimage\"},\"image\":{\"@id\":\"https:\\\/\\\/aafcb.cat\\\/es\\\/actividades\\\/viajes\\\/viatge-a-nuria\\\/#primaryimage\"},\"thumbnailUrl\":\"https:\\\/\\\/aafcb.cat\\\/aafcb-ferrocarril-media\\\/NURIA-PORTADA.jpg\",\"datePublished\":\"2024-07-24T18:27:37+00:00\",\"dateModified\":\"2025-01-30T22:26:05+00:00\",\"author\":{\"@id\":\"https:\\\/\\\/aafcb.cat\\\/es\\\/#\\\/schema\\\/person\\\/6a0ec10aac06eb575d6bc0d71c431ff9\"},\"breadcrumb\":{\"@id\":\"https:\\\/\\\/aafcb.cat\\\/es\\\/actividades\\\/viajes\\\/viatge-a-nuria\\\/#breadcrumb\"},\"inLanguage\":\"es\",\"potentialAction\":[{\"@type\":\"ReadAction\",\"target\":[\"https:\\\/\\\/aafcb.cat\\\/es\\\/actividades\\\/viajes\\\/viatge-a-nuria\\\/\"]}]},{\"@type\":\"ImageObject\",\"inLanguage\":\"es\",\"@id\":\"https:\\\/\\\/aafcb.cat\\\/es\\\/actividades\\\/viajes\\\/viatge-a-nuria\\\/#primaryimage\",\"url\":\"https:\\\/\\\/aafcb.cat\\\/aafcb-ferrocarril-media\\\/NURIA-PORTADA.jpg\",\"contentUrl\":\"https:\\\/\\\/aafcb.cat\\\/aafcb-ferrocarril-media\\\/NURIA-PORTADA.jpg\",\"width\":800,\"height\":533},{\"@type\":\"BreadcrumbList\",\"@id\":\"https:\\\/\\\/aafcb.cat\\\/es\\\/actividades\\\/viajes\\\/viatge-a-nuria\\\/#breadcrumb\",\"itemListElement\":[{\"@type\":\"ListItem\",\"position\":1,\"name\":\"Inici\",\"item\":\"https:\\\/\\\/aafcb.cat\\\/es\\\/\"},{\"@type\":\"ListItem\",\"position\":2,\"name\":\"Viatge a N\u00f9ria\"}]},{\"@type\":\"WebSite\",\"@id\":\"https:\\\/\\\/aafcb.cat\\\/es\\\/#website\",\"url\":\"https:\\\/\\\/aafcb.cat\\\/es\\\/\",\"name\":\"AAFCB\",\"description\":\"Associaci\u00f3 d&#039;Amics del Ferrocarril de Barcelona\",\"potentialAction\":[{\"@type\":\"SearchAction\",\"target\":{\"@type\":\"EntryPoint\",\"urlTemplate\":\"https:\\\/\\\/aafcb.cat\\\/es\\\/?s={search_term_string}\"},\"query-input\":{\"@type\":\"PropertyValueSpecification\",\"valueRequired\":true,\"valueName\":\"search_term_string\"}}],\"inLanguage\":\"es\"},{\"@type\":\"Person\",\"@id\":\"https:\\\/\\\/aafcb.cat\\\/es\\\/#\\\/schema\\\/person\\\/6a0ec10aac06eb575d6bc0d71c431ff9\",\"name\":\"admin aafcb\",\"sameAs\":[\"https:\\\/\\\/aafcb.cat\"],\"url\":\"https:\\\/\\\/aafcb.cat\\\/es\\\/author\\\/aafcb_admin\\\/\"}]}<\/script>\n<!-- \/ Yoast SEO plugin. -->","yoast_head_json":{"title":"Viatge a N\u00f9ria - AAFCB","robots":{"index":"index","follow":"follow","max-snippet":"max-snippet:-1","max-image-preview":"max-image-preview:large","max-video-preview":"max-video-preview:-1"},"canonical":"https:\/\/aafcb.cat\/es\/actividades\/viajes\/viatge-a-nuria\/","og_locale":"es_ES","og_type":"article","og_title":"Viatge a N\u00f9ria - AAFCB","og_description":"El dijous 11 de juliol de 2024 ens van anar a la Vall de N\u00faria en un viatge ferroviari amb el material restaurat\u00a0 er Ferrocarrils de la Generalitat i que [&hellip;]","og_url":"https:\/\/aafcb.cat\/es\/actividades\/viajes\/viatge-a-nuria\/","og_site_name":"AAFCB","article_published_time":"2024-07-24T18:27:37+00:00","article_modified_time":"2025-01-30T22:26:05+00:00","og_image":[{"width":800,"height":533,"url":"https:\/\/aafcb.cat\/aafcb-ferrocarril-media\/NURIA-PORTADA.jpg","type":"image\/jpeg"}],"author":"admin aafcb","twitter_card":"summary_large_image","twitter_misc":{"Escrito por":"admin aafcb","Tiempo de lectura":"3 minutos"},"schema":{"@context":"https:\/\/schema.org","@graph":[{"@type":"Article","@id":"https:\/\/aafcb.cat\/es\/actividades\/viajes\/viatge-a-nuria\/#article","isPartOf":{"@id":"https:\/\/aafcb.cat\/es\/actividades\/viajes\/viatge-a-nuria\/"},"author":{"name":"admin aafcb","@id":"https:\/\/aafcb.cat\/es\/#\/schema\/person\/6a0ec10aac06eb575d6bc0d71c431ff9"},"headline":"Viatge a N\u00f9ria","datePublished":"2024-07-24T18:27:37+00:00","dateModified":"2025-01-30T22:26:05+00:00","mainEntityOfPage":{"@id":"https:\/\/aafcb.cat\/es\/actividades\/viajes\/viatge-a-nuria\/"},"wordCount":129,"image":{"@id":"https:\/\/aafcb.cat\/es\/actividades\/viajes\/viatge-a-nuria\/#primaryimage"},"thumbnailUrl":"https:\/\/aafcb.cat\/aafcb-ferrocarril-media\/NURIA-PORTADA.jpg","articleSection":["Viajes"],"inLanguage":"es"},{"@type":"WebPage","@id":"https:\/\/aafcb.cat\/es\/actividades\/viajes\/viatge-a-nuria\/","url":"https:\/\/aafcb.cat\/es\/actividades\/viajes\/viatge-a-nuria\/","name":"Viatge a N\u00f9ria - AAFCB","isPartOf":{"@id":"https:\/\/aafcb.cat\/es\/#website"},"primaryImageOfPage":{"@id":"https:\/\/aafcb.cat\/es\/actividades\/viajes\/viatge-a-nuria\/#primaryimage"},"image":{"@id":"https:\/\/aafcb.cat\/es\/actividades\/viajes\/viatge-a-nuria\/#primaryimage"},"thumbnailUrl":"https:\/\/aafcb.cat\/aafcb-ferrocarril-media\/NURIA-PORTADA.jpg","datePublished":"2024-07-24T18:27:37+00:00","dateModified":"2025-01-30T22:26:05+00:00","author":{"@id":"https:\/\/aafcb.cat\/es\/#\/schema\/person\/6a0ec10aac06eb575d6bc0d71c431ff9"},"breadcrumb":{"@id":"https:\/\/aafcb.cat\/es\/actividades\/viajes\/viatge-a-nuria\/#breadcrumb"},"inLanguage":"es","potentialAction":[{"@type":"ReadAction","target":["https:\/\/aafcb.cat\/es\/actividades\/viajes\/viatge-a-nuria\/"]}]},{"@type":"ImageObject","inLanguage":"es","@id":"https:\/\/aafcb.cat\/es\/actividades\/viajes\/viatge-a-nuria\/#primaryimage","url":"https:\/\/aafcb.cat\/aafcb-ferrocarril-media\/NURIA-PORTADA.jpg","contentUrl":"https:\/\/aafcb.cat\/aafcb-ferrocarril-media\/NURIA-PORTADA.jpg","width":800,"height":533},{"@type":"BreadcrumbList","@id":"https:\/\/aafcb.cat\/es\/actividades\/viajes\/viatge-a-nuria\/#breadcrumb","itemListElement":[{"@type":"ListItem","position":1,"name":"Inici","item":"https:\/\/aafcb.cat\/es\/"},{"@type":"ListItem","position":2,"name":"Viatge a N\u00f9ria"}]},{"@type":"WebSite","@id":"https:\/\/aafcb.cat\/es\/#website","url":"https:\/\/aafcb.cat\/es\/","name":"AAFCB","description":"Associaci\u00f3 d&#039;Amics del Ferrocarril de Barcelona","potentialAction":[{"@type":"SearchAction","target":{"@type":"EntryPoint","urlTemplate":"https:\/\/aafcb.cat\/es\/?s={search_term_string}"},"query-input":{"@type":"PropertyValueSpecification","valueRequired":true,"valueName":"search_term_string"}}],"inLanguage":"es"},{"@type":"Person","@id":"https:\/\/aafcb.cat\/es\/#\/schema\/person\/6a0ec10aac06eb575d6bc0d71c431ff9","name":"admin aafcb","sameAs":["https:\/\/aafcb.cat"],"url":"https:\/\/aafcb.cat\/es\/author\/aafcb_admin\/"}]}},"_links":{"self":[{"href":"https:\/\/aafcb.cat\/es\/wp-json\/wp\/v2\/posts\/10156","targetHints":{"allow":["GET"]}}],"collection":[{"href":"https:\/\/aafcb.cat\/es\/wp-json\/wp\/v2\/posts"}],"about":[{"href":"https:\/\/aafcb.cat\/es\/wp-json\/wp\/v2\/types\/post"}],"author":[{"embeddable":true,"href":"https:\/\/aafcb.cat\/es\/wp-json\/wp\/v2\/users\/5"}],"replies":[{"embeddable":true,"href":"https:\/\/aafcb.cat\/es\/wp-json\/wp\/v2\/comments?post=10156"}],"version-history":[{"count":1,"href":"https:\/\/aafcb.cat\/es\/wp-json\/wp\/v2\/posts\/10156\/revisions"}],"predecessor-version":[{"id":10159,"href":"https:\/\/aafcb.cat\/es\/wp-json\/wp\/v2\/posts\/10156\/revisions\/10159"}],"wp:featuredmedia":[{"embeddable":true,"href":"https:\/\/aafcb.cat\/es\/wp-json\/wp\/v2\/media\/9988"}],"wp:attachment":[{"href":"https:\/\/aafcb.cat\/es\/wp-json\/wp\/v2\/media?parent=10156"}],"wp:term":[{"taxonomy":"category","embeddable":true,"href":"https:\/\/aafcb.cat\/es\/wp-json\/wp\/v2\/categories?post=10156"},{"taxonomy":"post_tag","embeddable":true,"href":"https:\/\/aafcb.cat\/es\/wp-json\/wp\/v2\/tags?post=10156"}],"curies":[{"name":"wp","href":"https:\/\/api.w.org\/{rel}","templated":true}]}}