{"id":10162,"date":"2024-06-28T20:22:59","date_gmt":"2024-06-28T18:22:59","guid":{"rendered":"https:\/\/aafcb.cat\/general-es\/viatge-a-valencia\/"},"modified":"2025-01-30T23:26:34","modified_gmt":"2025-01-30T22:26:34","slug":"viatge-a-valencia","status":"publish","type":"post","link":"https:\/\/aafcb.cat\/es\/actividades\/viajes\/viatge-a-valencia\/","title":{"rendered":"Viatge a Val\u00e8ncia"},"content":{"rendered":"<p><span style=\"font-family: Arial, sans-serif;\"><span style=\"color: #000000;\"><span style=\"font-size: medium;\">El dissabte 22 de juny organitzat per A<\/span><\/span><span style=\"color: #000000;\"><span style=\"font-size: medium;\">LSA<\/span><\/span><span style=\"color: #000000;\"><span style=\"font-size: medium;\"> v\u00e0rem participar en el viatge amb material hist\u00f2ric des de Barcelona Estaci\u00f3 Fran\u00e7a a Val\u00e8ncia Estaci\u00f3 del Nord.<\/span><\/span><\/span><\/p>\n<p><span style=\"font-family: Arial, sans-serif;\"><span style=\"color: #000000;\"><span style=\"font-size: medium;\">Un viatge que despr\u00e9s de molts anys es va poder tornar a fer gr\u00e0cies a la companyia ALSA i el material hist\u00f2ric dels que ells son propietaris. La composici\u00f3 la formen cotxes de la s\u00e8rie 5000 i 6000 remolcats per la locomotora japonesa \u00abmil rayas\u00bb de l&#8217;Associaci\u00f3 de Amigos del Ferrocarril de Madrid.<\/span><\/span><\/span><\/p>\n<p><span style=\"font-family: Arial, sans-serif;\"><span style=\"color: #000000;\"><span style=\"font-size: medium;\">El viatge amb una participaci\u00f3 de 240 persones ens va portat per tota la l\u00ednia de la costa mediterr\u00e0nia fins a Val\u00e8ncia on v\u00e0rem gaudir de una paella envoltats de l&#8217;entorn hist\u00f2ric de la ciutat.<\/span><\/span><\/span><\/p>\n<p><img loading=\"lazy\" decoding=\"async\" class=\"alignnone size-medium wp-image-10004\" src=\"https:\/\/aafcb.cat\/aafcb-ferrocarril-media\/20240628alsa-valencia-300x225.jpg\" alt=\"\" width=\"300\" height=\"225\" \/> <img loading=\"lazy\" decoding=\"async\" class=\"alignnone size-medium wp-image-10008\" src=\"https:\/\/aafcb.cat\/aafcb-ferrocarril-media\/20240628alsa-valencia-1-1-300x225.jpg\" alt=\"\" width=\"300\" height=\"225\" \/> <img loading=\"lazy\" decoding=\"async\" class=\"alignnone size-medium wp-image-10012\" src=\"https:\/\/aafcb.cat\/aafcb-ferrocarril-media\/20240628alsa-valencia-2-300x225.jpg\" alt=\"\" width=\"300\" height=\"225\" \/> <img loading=\"lazy\" decoding=\"async\" class=\"alignnone size-medium wp-image-10016\" src=\"https:\/\/aafcb.cat\/aafcb-ferrocarril-media\/20240628alsa-valencia-4-300x199.jpg\" alt=\"\" width=\"300\" height=\"199\" \/><img loading=\"lazy\" decoding=\"async\" class=\"alignnone size-medium wp-image-10020\" src=\"https:\/\/aafcb.cat\/aafcb-ferrocarril-media\/20240628alsa-valencia-6-300x225.jpg\" alt=\"\" width=\"300\" height=\"225\" \/> <img loading=\"lazy\" decoding=\"async\" class=\"alignnone size-medium wp-image-10024\" src=\"https:\/\/aafcb.cat\/aafcb-ferrocarril-media\/20240628alsa-valencia-7-300x225.jpg\" alt=\"\" width=\"300\" height=\"225\" \/> <img loading=\"lazy\" decoding=\"async\" class=\"alignnone size-medium wp-image-10028\" src=\"https:\/\/aafcb.cat\/aafcb-ferrocarril-media\/20240628alsa-valencia-8-300x225.jpg\" alt=\"\" width=\"300\" height=\"225\" \/> <img loading=\"lazy\" decoding=\"async\" class=\"alignnone size-medium wp-image-10032\" src=\"https:\/\/aafcb.cat\/aafcb-ferrocarril-media\/20240628alsa-valencia-9-300x111.jpg\" alt=\"\" width=\"300\" height=\"111\" \/><\/p>\n","protected":false},"excerpt":{"rendered":"<p>El dissabte 22 de juny organitzat per ALSA v\u00e0rem participar en el viatge amb material hist\u00f2ric des de Barcelona Estaci\u00f3 Fran\u00e7a a Val\u00e8ncia Estaci\u00f3 del Nord. Un viatge que despr\u00e9s [&hellip;]<\/p>\n","protected":false},"author":5,"featured_media":9984,"comment_status":"closed","ping_status":"closed","sticky":false,"template":"","format":"standard","meta":{"_et_pb_use_builder":"","_et_pb_old_content":"","_et_gb_content_width":"","footnotes":""},"categories":[32],"tags":[],"class_list":["post-10162","post","type-post","status-publish","format-standard","has-post-thumbnail","hentry","category-viajes"],"yoast_head":"<!-- This site is optimized with the Yoast SEO plugin v27.3 - https:\/\/yoast.com\/product\/yoast-seo-wordpress\/ -->\n<title>Viatge a Val\u00e8ncia - AAFCB<\/title>\n<meta name=\"robots\" content=\"index, follow, max-snippet:-1, max-image-preview:large, max-video-preview:-1\" \/>\n<link rel=\"canonical\" href=\"https:\/\/aafcb.cat\/es\/actividades\/viajes\/viatge-a-valencia\/\" \/>\n<meta property=\"og:locale\" content=\"es_ES\" \/>\n<meta property=\"og:type\" content=\"article\" \/>\n<meta property=\"og:title\" content=\"Viatge a Val\u00e8ncia - AAFCB\" \/>\n<meta property=\"og:description\" content=\"El dissabte 22 de juny organitzat per ALSA v\u00e0rem participar en el viatge amb material hist\u00f2ric des de Barcelona Estaci\u00f3 Fran\u00e7a a Val\u00e8ncia Estaci\u00f3 del Nord. Un viatge que despr\u00e9s [&hellip;]\" \/>\n<meta property=\"og:url\" content=\"https:\/\/aafcb.cat\/es\/actividades\/viajes\/viatge-a-valencia\/\" \/>\n<meta property=\"og:site_name\" content=\"AAFCB\" \/>\n<meta property=\"article:published_time\" content=\"2024-06-28T18:22:59+00:00\" \/>\n<meta property=\"article:modified_time\" content=\"2025-01-30T22:26:34+00:00\" \/>\n<meta property=\"og:image\" content=\"https:\/\/aafcb.cat\/aafcb-ferrocarril-media\/alsa-valencia-3-portada-1.jpg\" \/>\n\t<meta property=\"og:image:width\" content=\"800\" \/>\n\t<meta property=\"og:image:height\" content=\"567\" \/>\n\t<meta property=\"og:image:type\" content=\"image\/jpeg\" \/>\n<meta name=\"author\" content=\"admin aafcb\" \/>\n<meta name=\"twitter:card\" content=\"summary_large_image\" \/>\n<meta name=\"twitter:label1\" content=\"Escrito por\" \/>\n\t<meta name=\"twitter:data1\" content=\"admin aafcb\" \/>\n\t<meta name=\"twitter:label2\" content=\"Tiempo de lectura\" \/>\n\t<meta name=\"twitter:data2\" content=\"3 minutos\" \/>\n<script type=\"application\/ld+json\" class=\"yoast-schema-graph\">{\"@context\":\"https:\\\/\\\/schema.org\",\"@graph\":[{\"@type\":\"Article\",\"@id\":\"https:\\\/\\\/aafcb.cat\\\/es\\\/actividades\\\/viajes\\\/viatge-a-valencia\\\/#article\",\"isPartOf\":{\"@id\":\"https:\\\/\\\/aafcb.cat\\\/es\\\/actividades\\\/viajes\\\/viatge-a-valencia\\\/\"},\"author\":{\"name\":\"admin aafcb\",\"@id\":\"https:\\\/\\\/aafcb.cat\\\/es\\\/#\\\/schema\\\/person\\\/6a0ec10aac06eb575d6bc0d71c431ff9\"},\"headline\":\"Viatge a Val\u00e8ncia\",\"datePublished\":\"2024-06-28T18:22:59+00:00\",\"dateModified\":\"2025-01-30T22:26:34+00:00\",\"mainEntityOfPage\":{\"@id\":\"https:\\\/\\\/aafcb.cat\\\/es\\\/actividades\\\/viajes\\\/viatge-a-valencia\\\/\"},\"wordCount\":130,\"image\":{\"@id\":\"https:\\\/\\\/aafcb.cat\\\/es\\\/actividades\\\/viajes\\\/viatge-a-valencia\\\/#primaryimage\"},\"thumbnailUrl\":\"https:\\\/\\\/aafcb.cat\\\/aafcb-ferrocarril-media\\\/alsa-valencia-3-portada-1.jpg\",\"articleSection\":[\"Viajes\"],\"inLanguage\":\"es\"},{\"@type\":\"WebPage\",\"@id\":\"https:\\\/\\\/aafcb.cat\\\/es\\\/actividades\\\/viajes\\\/viatge-a-valencia\\\/\",\"url\":\"https:\\\/\\\/aafcb.cat\\\/es\\\/actividades\\\/viajes\\\/viatge-a-valencia\\\/\",\"name\":\"Viatge a Val\u00e8ncia - AAFCB\",\"isPartOf\":{\"@id\":\"https:\\\/\\\/aafcb.cat\\\/es\\\/#website\"},\"primaryImageOfPage\":{\"@id\":\"https:\\\/\\\/aafcb.cat\\\/es\\\/actividades\\\/viajes\\\/viatge-a-valencia\\\/#primaryimage\"},\"image\":{\"@id\":\"https:\\\/\\\/aafcb.cat\\\/es\\\/actividades\\\/viajes\\\/viatge-a-valencia\\\/#primaryimage\"},\"thumbnailUrl\":\"https:\\\/\\\/aafcb.cat\\\/aafcb-ferrocarril-media\\\/alsa-valencia-3-portada-1.jpg\",\"datePublished\":\"2024-06-28T18:22:59+00:00\",\"dateModified\":\"2025-01-30T22:26:34+00:00\",\"author\":{\"@id\":\"https:\\\/\\\/aafcb.cat\\\/es\\\/#\\\/schema\\\/person\\\/6a0ec10aac06eb575d6bc0d71c431ff9\"},\"breadcrumb\":{\"@id\":\"https:\\\/\\\/aafcb.cat\\\/es\\\/actividades\\\/viajes\\\/viatge-a-valencia\\\/#breadcrumb\"},\"inLanguage\":\"es\",\"potentialAction\":[{\"@type\":\"ReadAction\",\"target\":[\"https:\\\/\\\/aafcb.cat\\\/es\\\/actividades\\\/viajes\\\/viatge-a-valencia\\\/\"]}]},{\"@type\":\"ImageObject\",\"inLanguage\":\"es\",\"@id\":\"https:\\\/\\\/aafcb.cat\\\/es\\\/actividades\\\/viajes\\\/viatge-a-valencia\\\/#primaryimage\",\"url\":\"https:\\\/\\\/aafcb.cat\\\/aafcb-ferrocarril-media\\\/alsa-valencia-3-portada-1.jpg\",\"contentUrl\":\"https:\\\/\\\/aafcb.cat\\\/aafcb-ferrocarril-media\\\/alsa-valencia-3-portada-1.jpg\",\"width\":800,\"height\":567,\"caption\":\"OLYMPUS DIGITAL CAMERA\"},{\"@type\":\"BreadcrumbList\",\"@id\":\"https:\\\/\\\/aafcb.cat\\\/es\\\/actividades\\\/viajes\\\/viatge-a-valencia\\\/#breadcrumb\",\"itemListElement\":[{\"@type\":\"ListItem\",\"position\":1,\"name\":\"Inici\",\"item\":\"https:\\\/\\\/aafcb.cat\\\/es\\\/\"},{\"@type\":\"ListItem\",\"position\":2,\"name\":\"Viatge a Val\u00e8ncia\"}]},{\"@type\":\"WebSite\",\"@id\":\"https:\\\/\\\/aafcb.cat\\\/es\\\/#website\",\"url\":\"https:\\\/\\\/aafcb.cat\\\/es\\\/\",\"name\":\"AAFCB\",\"description\":\"Associaci\u00f3 d&#039;Amics del Ferrocarril de Barcelona\",\"potentialAction\":[{\"@type\":\"SearchAction\",\"target\":{\"@type\":\"EntryPoint\",\"urlTemplate\":\"https:\\\/\\\/aafcb.cat\\\/es\\\/?s={search_term_string}\"},\"query-input\":{\"@type\":\"PropertyValueSpecification\",\"valueRequired\":true,\"valueName\":\"search_term_string\"}}],\"inLanguage\":\"es\"},{\"@type\":\"Person\",\"@id\":\"https:\\\/\\\/aafcb.cat\\\/es\\\/#\\\/schema\\\/person\\\/6a0ec10aac06eb575d6bc0d71c431ff9\",\"name\":\"admin aafcb\",\"sameAs\":[\"https:\\\/\\\/aafcb.cat\"],\"url\":\"https:\\\/\\\/aafcb.cat\\\/es\\\/author\\\/aafcb_admin\\\/\"}]}<\/script>\n<!-- \/ Yoast SEO plugin. -->","yoast_head_json":{"title":"Viatge a Val\u00e8ncia - AAFCB","robots":{"index":"index","follow":"follow","max-snippet":"max-snippet:-1","max-image-preview":"max-image-preview:large","max-video-preview":"max-video-preview:-1"},"canonical":"https:\/\/aafcb.cat\/es\/actividades\/viajes\/viatge-a-valencia\/","og_locale":"es_ES","og_type":"article","og_title":"Viatge a Val\u00e8ncia - AAFCB","og_description":"El dissabte 22 de juny organitzat per ALSA v\u00e0rem participar en el viatge amb material hist\u00f2ric des de Barcelona Estaci\u00f3 Fran\u00e7a a Val\u00e8ncia Estaci\u00f3 del Nord. Un viatge que despr\u00e9s [&hellip;]","og_url":"https:\/\/aafcb.cat\/es\/actividades\/viajes\/viatge-a-valencia\/","og_site_name":"AAFCB","article_published_time":"2024-06-28T18:22:59+00:00","article_modified_time":"2025-01-30T22:26:34+00:00","og_image":[{"width":800,"height":567,"url":"https:\/\/aafcb.cat\/aafcb-ferrocarril-media\/alsa-valencia-3-portada-1.jpg","type":"image\/jpeg"}],"author":"admin aafcb","twitter_card":"summary_large_image","twitter_misc":{"Escrito por":"admin aafcb","Tiempo de lectura":"3 minutos"},"schema":{"@context":"https:\/\/schema.org","@graph":[{"@type":"Article","@id":"https:\/\/aafcb.cat\/es\/actividades\/viajes\/viatge-a-valencia\/#article","isPartOf":{"@id":"https:\/\/aafcb.cat\/es\/actividades\/viajes\/viatge-a-valencia\/"},"author":{"name":"admin aafcb","@id":"https:\/\/aafcb.cat\/es\/#\/schema\/person\/6a0ec10aac06eb575d6bc0d71c431ff9"},"headline":"Viatge a Val\u00e8ncia","datePublished":"2024-06-28T18:22:59+00:00","dateModified":"2025-01-30T22:26:34+00:00","mainEntityOfPage":{"@id":"https:\/\/aafcb.cat\/es\/actividades\/viajes\/viatge-a-valencia\/"},"wordCount":130,"image":{"@id":"https:\/\/aafcb.cat\/es\/actividades\/viajes\/viatge-a-valencia\/#primaryimage"},"thumbnailUrl":"https:\/\/aafcb.cat\/aafcb-ferrocarril-media\/alsa-valencia-3-portada-1.jpg","articleSection":["Viajes"],"inLanguage":"es"},{"@type":"WebPage","@id":"https:\/\/aafcb.cat\/es\/actividades\/viajes\/viatge-a-valencia\/","url":"https:\/\/aafcb.cat\/es\/actividades\/viajes\/viatge-a-valencia\/","name":"Viatge a Val\u00e8ncia - AAFCB","isPartOf":{"@id":"https:\/\/aafcb.cat\/es\/#website"},"primaryImageOfPage":{"@id":"https:\/\/aafcb.cat\/es\/actividades\/viajes\/viatge-a-valencia\/#primaryimage"},"image":{"@id":"https:\/\/aafcb.cat\/es\/actividades\/viajes\/viatge-a-valencia\/#primaryimage"},"thumbnailUrl":"https:\/\/aafcb.cat\/aafcb-ferrocarril-media\/alsa-valencia-3-portada-1.jpg","datePublished":"2024-06-28T18:22:59+00:00","dateModified":"2025-01-30T22:26:34+00:00","author":{"@id":"https:\/\/aafcb.cat\/es\/#\/schema\/person\/6a0ec10aac06eb575d6bc0d71c431ff9"},"breadcrumb":{"@id":"https:\/\/aafcb.cat\/es\/actividades\/viajes\/viatge-a-valencia\/#breadcrumb"},"inLanguage":"es","potentialAction":[{"@type":"ReadAction","target":["https:\/\/aafcb.cat\/es\/actividades\/viajes\/viatge-a-valencia\/"]}]},{"@type":"ImageObject","inLanguage":"es","@id":"https:\/\/aafcb.cat\/es\/actividades\/viajes\/viatge-a-valencia\/#primaryimage","url":"https:\/\/aafcb.cat\/aafcb-ferrocarril-media\/alsa-valencia-3-portada-1.jpg","contentUrl":"https:\/\/aafcb.cat\/aafcb-ferrocarril-media\/alsa-valencia-3-portada-1.jpg","width":800,"height":567,"caption":"OLYMPUS DIGITAL CAMERA"},{"@type":"BreadcrumbList","@id":"https:\/\/aafcb.cat\/es\/actividades\/viajes\/viatge-a-valencia\/#breadcrumb","itemListElement":[{"@type":"ListItem","position":1,"name":"Inici","item":"https:\/\/aafcb.cat\/es\/"},{"@type":"ListItem","position":2,"name":"Viatge a Val\u00e8ncia"}]},{"@type":"WebSite","@id":"https:\/\/aafcb.cat\/es\/#website","url":"https:\/\/aafcb.cat\/es\/","name":"AAFCB","description":"Associaci\u00f3 d&#039;Amics del Ferrocarril de Barcelona","potentialAction":[{"@type":"SearchAction","target":{"@type":"EntryPoint","urlTemplate":"https:\/\/aafcb.cat\/es\/?s={search_term_string}"},"query-input":{"@type":"PropertyValueSpecification","valueRequired":true,"valueName":"search_term_string"}}],"inLanguage":"es"},{"@type":"Person","@id":"https:\/\/aafcb.cat\/es\/#\/schema\/person\/6a0ec10aac06eb575d6bc0d71c431ff9","name":"admin aafcb","sameAs":["https:\/\/aafcb.cat"],"url":"https:\/\/aafcb.cat\/es\/author\/aafcb_admin\/"}]}},"_links":{"self":[{"href":"https:\/\/aafcb.cat\/es\/wp-json\/wp\/v2\/posts\/10162","targetHints":{"allow":["GET"]}}],"collection":[{"href":"https:\/\/aafcb.cat\/es\/wp-json\/wp\/v2\/posts"}],"about":[{"href":"https:\/\/aafcb.cat\/es\/wp-json\/wp\/v2\/types\/post"}],"author":[{"embeddable":true,"href":"https:\/\/aafcb.cat\/es\/wp-json\/wp\/v2\/users\/5"}],"replies":[{"embeddable":true,"href":"https:\/\/aafcb.cat\/es\/wp-json\/wp\/v2\/comments?post=10162"}],"version-history":[{"count":1,"href":"https:\/\/aafcb.cat\/es\/wp-json\/wp\/v2\/posts\/10162\/revisions"}],"predecessor-version":[{"id":10165,"href":"https:\/\/aafcb.cat\/es\/wp-json\/wp\/v2\/posts\/10162\/revisions\/10165"}],"wp:featuredmedia":[{"embeddable":true,"href":"https:\/\/aafcb.cat\/es\/wp-json\/wp\/v2\/media\/9984"}],"wp:attachment":[{"href":"https:\/\/aafcb.cat\/es\/wp-json\/wp\/v2\/media?parent=10162"}],"wp:term":[{"taxonomy":"category","embeddable":true,"href":"https:\/\/aafcb.cat\/es\/wp-json\/wp\/v2\/categories?post=10162"},{"taxonomy":"post_tag","embeddable":true,"href":"https:\/\/aafcb.cat\/es\/wp-json\/wp\/v2\/tags?post=10162"}],"curies":[{"name":"wp","href":"https:\/\/api.w.org\/{rel}","templated":true}]}}