{"id":6130,"date":"2016-12-20T14:04:54","date_gmt":"2016-12-20T13:04:54","guid":{"rendered":"http:\/\/www.aafcb.cat\/?p=6130"},"modified":"2016-12-20T14:04:54","modified_gmt":"2016-12-20T13:04:54","slug":"visita-a-cava-tren-2","status":"publish","type":"post","link":"https:\/\/aafcb.cat\/es\/activitats\/viatges\/visita-a-cava-tren-2\/","title":{"rendered":"Visita a \u201cCava Tren\u201d"},"content":{"rendered":"<p>[et_pb_section admin_label=\u00bbsection\u00bb transparent_background=\u00bboff\u00bb allow_player_pause=\u00bboff\u00bb inner_shadow=\u00bboff\u00bb parallax=\u00bboff\u00bb parallax_method=\u00bboff\u00bb custom_padding=\u00bb0px|||\u00bb custom_padding_tablet=\u00bb22px|||\u00bb custom_padding_phone=\u00bb12px|||\u00bb padding_mobile=\u00bboff\u00bb make_fullwidth=\u00bboff\u00bb use_custom_width=\u00bboff\u00bb width_unit=\u00bbon\u00bb custom_width_px=\u00bb1080px\u00bb custom_width_percent=\u00bb80%\u00bb make_equal=\u00bboff\u00bb use_custom_gutter=\u00bboff\u00bb fullwidth=\u00bboff\u00bb specialty=\u00bboff\u00bb disabled=\u00bboff\u00bb][et_pb_row admin_label=\u00bbrow\u00bb make_fullwidth=\u00bboff\u00bb use_custom_width=\u00bboff\u00bb width_unit=\u00bboff\u00bb custom_width_px=\u00bb1080px\u00bb custom_width_percent=\u00bb80%\u00bb use_custom_gutter=\u00bboff\u00bb gutter_width=\u00bb3&#8243; custom_padding=\u00bb|||\u00bb padding_mobile=\u00bboff\u00bb allow_player_pause=\u00bboff\u00bb parallax=\u00bboff\u00bb parallax_method=\u00bbon\u00bb make_equal=\u00bboff\u00bb column_padding_mobile=\u00bbon\u00bb parallax_1=\u00bboff\u00bb parallax_method_1=\u00bbon\u00bb parallax_2=\u00bboff\u00bb parallax_method_2=\u00bbon\u00bb parallax_3=\u00bboff\u00bb parallax_method_3=\u00bbon\u00bb parallax_4=\u00bboff\u00bb parallax_method_4=\u00bbon\u00bb disabled=\u00bboff\u00bb][et_pb_column type=\u00bb1_4&#8243;][et_pb_image admin_label=\u00bbImage\u00bb show_in_lightbox=\u00bboff\u00bb url_new_window=\u00bboff\u00bb use_overlay=\u00bboff\u00bb sticky=\u00bboff\u00bb align=\u00bbleft\u00bb force_fullwidth=\u00bboff\u00bb always_center_on_mobile=\u00bbon\u00bb use_border_color=\u00bbon\u00bb border_color=\u00bb#006633&#8243; border_width=\u00bb6px\u00bb border_style=\u00bbsolid\u00bb custom_margin=\u00bb8px|||\u00bb disabled=\u00bboff\u00bb] [\/et_pb_image][\/et_pb_column][et_pb_column type=\u00bb3_4&#8243;][et_pb_text admin_label=\u00bbText\u00bb background_layout=\u00bblight\u00bb text_orientation=\u00bbleft\u00bb use_border_color=\u00bboff\u00bb border_style=\u00bbsolid\u00bb disabled=\u00bboff\u00bb border_color=\u00bb#ffffff\u00bb]<\/p>\n<p>El S\u00e1bado 22 de Octubre organizamos una visita matinal a Sant Sadurni d\u2019Anoia para visitar El Celler Vell y su maqueta de trenes \u201cCava Tren\u201d.<\/p>\n<p>Celler Vell es una empresa dedicada exclusivamente a la elaboraci\u00f3n de cava artesanal, a trav\u00e9s de la tradici\u00f3n familiar desde principios del siglo XX. La empresa fue fundada en 1954 por Pere Estruch Casanovas, que sus hijos han continuado.<\/p>\n<p>Las cavas est\u00e1n enclavadas en el coraz\u00f3n del Penedes, en al n\u00facleo de la capital del cava, Sant Sadurni d\u2019Anoia.<\/p>\n<p>Fuimos recibidos por los hermanos Estruch, que nos dieron una detallada explicaci\u00f3n de c\u00f3mo se elabora el cava y los peque\u00f1os secretos que esconde esta bebida tan tradicional nuestra.<\/p>\n<p>Como aficionados que son al ferrocarril, los hermanos Estruch pensaron en hacer una maqueta ferroviaria que representara su comarca, donde se cruzan las l\u00edneas de ancho ib\u00e9rico y ancho internacional de alta velocidad.<\/p>\n<p>La maqueta est\u00e1 situada en el primer subterr\u00e1neo de la bodega, compartiendo espacio con las botellas de cava que est\u00e1n en su proceso natural de envejecimiento. La maqueta est\u00e1 situada en un espacio aislado con su propio microclima, a temperatura y humedad diferente a la que necesita el cava.<\/p>\n<p>El responsable de la construcci\u00f3n de la maqueta, el Sr. Cardos, nos hizo una explicaci\u00f3n detallada de todo el proyecto y proceso de montaje. La decoraci\u00f3n es minimalista y sobria, y reproduce a la perfecci\u00f3n la comarca, e incluye un sistema Faller Car system, y una cuidada iluminaci\u00f3n.<\/p>\n<p>Agradecemos a la familia Estruch la fant\u00e1stica acogida que nos dieron en sus instalaciones.<\/p>\n<p>[\/et_pb_text][\/et_pb_column][\/et_pb_row][\/et_pb_section][et_pb_section admin_label=\u00bbsection\u00bb transparent_background=\u00bboff\u00bb allow_player_pause=\u00bboff\u00bb inner_shadow=\u00bboff\u00bb parallax=\u00bboff\u00bb parallax_method=\u00bbon\u00bb padding_mobile=\u00bboff\u00bb make_fullwidth=\u00bboff\u00bb use_custom_width=\u00bboff\u00bb width_unit=\u00bboff\u00bb custom_width_px=\u00bb1080px\u00bb custom_width_percent=\u00bb80%\u00bb make_equal=\u00bboff\u00bb use_custom_gutter=\u00bboff\u00bb fullwidth=\u00bboff\u00bb specialty=\u00bboff\u00bb disabled=\u00bboff\u00bb][et_pb_row admin_label=\u00bbrow\u00bb make_fullwidth=\u00bboff\u00bb use_custom_width=\u00bboff\u00bb width_unit=\u00bboff\u00bb custom_width_px=\u00bb1080px\u00bb custom_width_percent=\u00bb80%\u00bb use_custom_gutter=\u00bboff\u00bb gutter_width=\u00bb3&#8243; padding_mobile=\u00bboff\u00bb allow_player_pause=\u00bboff\u00bb parallax=\u00bboff\u00bb parallax_method=\u00bbon\u00bb make_equal=\u00bboff\u00bb column_padding_mobile=\u00bbon\u00bb parallax_1=\u00bboff\u00bb parallax_method_1=\u00bbon\u00bb parallax_2=\u00bboff\u00bb parallax_method_2=\u00bbon\u00bb parallax_3=\u00bboff\u00bb parallax_method_3=\u00bbon\u00bb parallax_4=\u00bboff\u00bb parallax_method_4=\u00bbon\u00bb disabled=\u00bboff\u00bb][et_pb_column type=\u00bb4_4&#8243;][et_pb_post_nav admin_label=\u00bbPost Navigation\u00bb in_same_term=\u00bbon\u00bb hide_prev=\u00bboff\u00bb hide_next=\u00bboff\u00bb title_font_size=\u00bb14px\u00bb title_letter_spacing=\u00bb0px\u00bb title_line_height=\u00bb1em\u00bb use_border_color=\u00bboff\u00bb border_color=\u00bb#ffffff\u00bb border_width=\u00bb1px\u00bb border_style=\u00bbsolid\u00bb disabled=\u00bboff\u00bb] [\/et_pb_post_nav][\/et_pb_column][\/et_pb_row][\/et_pb_section]<\/p>\n","protected":false},"excerpt":{"rendered":"<p>El S\u00e1bado 22 de Octubre organizamos una visita matinal a Sant Sadurni d\u2019Anoia para visitar El Celler Vell y su maqueta de trenes \u201cCava Tren\u201d. Celler Vell es una empresa [&hellip;]<\/p>\n","protected":false},"author":5,"featured_media":6127,"comment_status":"closed","ping_status":"closed","sticky":false,"template":"","format":"standard","meta":{"_et_pb_use_builder":"on","_et_pb_old_content":"<p>[et_pb_section transparent_background=\"off\" allow_player_pause=\"off\" inner_shadow=\"off\" parallax=\"off\" parallax_method=\"off\" custom_padding=\"0px|||\" custom_padding_tablet=\"22px|||\" custom_padding_phone=\"12px|||\" padding_mobile=\"off\" make_fullwidth=\"off\" use_custom_width=\"off\" width_unit=\"on\" custom_width_px=\"1080px\" custom_width_percent=\"80%\" make_equal=\"off\" use_custom_gutter=\"off\" fullwidth=\"off\" specialty=\"off\" admin_label=\"section\" disabled=\"off\"][et_pb_row make_fullwidth=\"off\" use_custom_width=\"off\" width_unit=\"off\" custom_width_px=\"1080px\" custom_width_percent=\"80%\" use_custom_gutter=\"off\" gutter_width=\"3\" custom_padding=\"|||\" padding_mobile=\"off\" allow_player_pause=\"off\" parallax=\"off\" parallax_method=\"on\" make_equal=\"off\" column_padding_mobile=\"on\" parallax_1=\"off\" parallax_method_1=\"on\" parallax_2=\"off\" parallax_method_2=\"on\" parallax_3=\"off\" parallax_method_3=\"on\" parallax_4=\"off\" parallax_method_4=\"on\" admin_label=\"row\" disabled=\"off\"][et_pb_column type=\"1_4\" disabled=\"off\" parallax=\"off\" parallax_method=\"on\" column_padding_mobile=\"on\"][et_pb_image show_in_lightbox=\"off\" url_new_window=\"off\" use_overlay=\"off\" sticky=\"off\" align=\"left\" force_fullwidth=\"off\" always_center_on_mobile=\"on\" admin_label=\"Image\" use_border_color=\"on\" border_color=\"#006633\" border_width=\"6px\" border_style=\"solid\" custom_margin=\"8px|||\" disabled=\"off\"] [\/et_pb_image][\/et_pb_column][et_pb_column type=\"3_4\" disabled=\"off\" parallax=\"off\" parallax_method=\"on\" column_padding_mobile=\"on\"][et_pb_text background_layout=\"light\" text_orientation=\"left\" admin_label=\"Text\" use_border_color=\"off\" border_style=\"solid\" disabled=\"off\"]<\/p><p>El Dissabte 22 d\u2019octubre vam organitzar una visita matinal a Sant Sadurn\u00ed d'Anoia per visitar El Celler Vell i la seva maqueta de trens \"Cava Tren\".<\/p><p>Celler Vell \u00e9s una empresa dedicada exclusivament a l'elaboraci\u00f3 de cava artesanal, a trav\u00e9s de la tradici\u00f3 familiar des de principis del segle XX. L'empresa va ser fundada el 1954 per Pere Estruch Casanovas, que els seus fills han continuat.<\/p><p>Les caves estan enclavades al cor del Pened\u00e8s, al nucli de la capital del cava, Sant Sadurn\u00ed d'Anoia.<\/p><p>Vam ser rebuts pels germans Estruch, que ens van donar una detallada explicaci\u00f3 de com s'elabora el cava i els petits secrets que amaga aquesta beguda tan tradicional nostra.<\/p><p>Com aficionats que s\u00f3n al ferrocarril, els germans Estruch van pensar en fer una maqueta ferrovi\u00e0ria que represent\u00e9s la seva comarca, on es creuen les l\u00ednies d'ample ib\u00e8ric i ample internacional d'alta velocitat.<\/p><p>La maqueta est\u00e0 situada al primer soterrani del celler, compartint espai amb les ampolles de cava que estan en el seu proc\u00e9s natural d'envelliment. La maqueta est\u00e0 situada en un espai a\u00efllat amb el seu propi microclima, a temperatura i humitat diferent de la que necessita el cava.<\/p><p>El responsable de la construcci\u00f3 de la maqueta, el Sr. Cardos, ens va fer una explicaci\u00f3 detallada de tot el projecte i proc\u00e9s de muntatge. La decoraci\u00f3 \u00e9s minimalista i s\u00f2bria, i reprodueix a la perfecci\u00f3 la comarca, i inclou un sistema Faller Car system, i una cuidada il\u00b7luminaci\u00f3.<\/p><p>Agra\u00efm a la fam\u00edlia Estruch la fant\u00e0stica acollida que ens van donar a les seves instal\u00b7lacions.<\/p><p>[\/et_pb_text][\/et_pb_column][\/et_pb_row][\/et_pb_section][et_pb_section transparent_background=\"off\" allow_player_pause=\"off\" inner_shadow=\"off\" parallax=\"off\" parallax_method=\"on\" padding_mobile=\"off\" make_fullwidth=\"off\" use_custom_width=\"off\" width_unit=\"off\" custom_width_px=\"1080px\" custom_width_percent=\"80%\" make_equal=\"off\" use_custom_gutter=\"off\" fullwidth=\"off\" specialty=\"off\" admin_label=\"section\" disabled=\"off\"][et_pb_row make_fullwidth=\"off\" use_custom_width=\"off\" width_unit=\"off\" custom_width_px=\"1080px\" custom_width_percent=\"80%\" use_custom_gutter=\"off\" gutter_width=\"3\" padding_mobile=\"off\" allow_player_pause=\"off\" parallax=\"off\" parallax_method=\"on\" make_equal=\"off\" column_padding_mobile=\"on\" parallax_1=\"off\" parallax_method_1=\"on\" parallax_2=\"off\" parallax_method_2=\"on\" parallax_3=\"off\" parallax_method_3=\"on\" parallax_4=\"off\" parallax_method_4=\"on\" admin_label=\"row\" disabled=\"off\"][et_pb_column type=\"4_4\" disabled=\"off\" parallax=\"off\" parallax_method=\"on\" column_padding_mobile=\"on\"][et_pb_post_nav in_same_term=\"on\" hide_prev=\"off\" hide_next=\"off\" admin_label=\"Post Navigation\" title_font_size=\"14px\" title_letter_spacing=\"0px\" title_line_height=\"1em\" use_border_color=\"off\" border_color=\"#ffffff\" border_width=\"1px\" border_style=\"solid\" disabled=\"off\"] [\/et_pb_post_nav][\/et_pb_column][\/et_pb_row][\/et_pb_section]<\/p>","_et_gb_content_width":"","footnotes":""},"categories":[9],"tags":[],"class_list":["post-6130","post","type-post","status-publish","format-standard","has-post-thumbnail","hentry","category-viatges"],"yoast_head":"<!-- This site is optimized with the Yoast SEO plugin v27.3 - https:\/\/yoast.com\/product\/yoast-seo-wordpress\/ -->\n<title>Visita a \u201cCava Tren\u201d - AAFCB<\/title>\n<meta name=\"robots\" content=\"index, follow, max-snippet:-1, max-image-preview:large, max-video-preview:-1\" \/>\n<link rel=\"canonical\" href=\"https:\/\/aafcb.cat\/es\/activitats\/viatges\/visita-a-cava-tren-2\/\" \/>\n<meta property=\"og:locale\" content=\"es_ES\" \/>\n<meta property=\"og:type\" content=\"article\" \/>\n<meta property=\"og:title\" content=\"Visita a \u201cCava Tren\u201d - AAFCB\" \/>\n<meta property=\"og:description\" content=\"El S\u00e1bado 22 de Octubre organizamos una visita matinal a Sant Sadurni d\u2019Anoia para visitar El Celler Vell y su maqueta de trenes \u201cCava Tren\u201d. Celler Vell es una empresa [&hellip;]\" \/>\n<meta property=\"og:url\" content=\"https:\/\/aafcb.cat\/es\/activitats\/viatges\/visita-a-cava-tren-2\/\" \/>\n<meta property=\"og:site_name\" content=\"AAFCB\" \/>\n<meta property=\"article:published_time\" content=\"2016-12-20T13:04:54+00:00\" \/>\n<meta name=\"author\" content=\"admin aafcb\" \/>\n<meta name=\"twitter:card\" content=\"summary_large_image\" \/>\n<meta name=\"twitter:label1\" content=\"Escrito por\" \/>\n\t<meta name=\"twitter:data1\" content=\"admin aafcb\" \/>\n\t<meta name=\"twitter:label2\" content=\"Tiempo de lectura\" \/>\n\t<meta name=\"twitter:data2\" content=\"3 minutos\" \/>\n<script type=\"application\/ld+json\" class=\"yoast-schema-graph\">{\"@context\":\"https:\\\/\\\/schema.org\",\"@graph\":[{\"@type\":\"Article\",\"@id\":\"https:\\\/\\\/aafcb.cat\\\/es\\\/activitats\\\/viatges\\\/visita-a-cava-tren-2\\\/#article\",\"isPartOf\":{\"@id\":\"https:\\\/\\\/aafcb.cat\\\/es\\\/activitats\\\/viatges\\\/visita-a-cava-tren-2\\\/\"},\"author\":{\"name\":\"admin aafcb\",\"@id\":\"https:\\\/\\\/aafcb.cat\\\/es\\\/#\\\/schema\\\/person\\\/6a0ec10aac06eb575d6bc0d71c431ff9\"},\"headline\":\"Visita a \u201cCava Tren\u201d\",\"datePublished\":\"2016-12-20T13:04:54+00:00\",\"mainEntityOfPage\":{\"@id\":\"https:\\\/\\\/aafcb.cat\\\/es\\\/activitats\\\/viatges\\\/visita-a-cava-tren-2\\\/\"},\"wordCount\":700,\"image\":{\"@id\":\"https:\\\/\\\/aafcb.cat\\\/es\\\/activitats\\\/viatges\\\/visita-a-cava-tren-2\\\/#primaryimage\"},\"thumbnailUrl\":\"https:\\\/\\\/aafcb.cat\\\/aafcb-ferrocarril-media\\\/Viatges-1.jpg\",\"articleSection\":[\"Viatges\"],\"inLanguage\":\"es\"},{\"@type\":\"WebPage\",\"@id\":\"https:\\\/\\\/aafcb.cat\\\/es\\\/activitats\\\/viatges\\\/visita-a-cava-tren-2\\\/\",\"url\":\"https:\\\/\\\/aafcb.cat\\\/es\\\/activitats\\\/viatges\\\/visita-a-cava-tren-2\\\/\",\"name\":\"Visita a \u201cCava Tren\u201d - AAFCB\",\"isPartOf\":{\"@id\":\"https:\\\/\\\/aafcb.cat\\\/es\\\/#website\"},\"primaryImageOfPage\":{\"@id\":\"https:\\\/\\\/aafcb.cat\\\/es\\\/activitats\\\/viatges\\\/visita-a-cava-tren-2\\\/#primaryimage\"},\"image\":{\"@id\":\"https:\\\/\\\/aafcb.cat\\\/es\\\/activitats\\\/viatges\\\/visita-a-cava-tren-2\\\/#primaryimage\"},\"thumbnailUrl\":\"https:\\\/\\\/aafcb.cat\\\/aafcb-ferrocarril-media\\\/Viatges-1.jpg\",\"datePublished\":\"2016-12-20T13:04:54+00:00\",\"author\":{\"@id\":\"https:\\\/\\\/aafcb.cat\\\/es\\\/#\\\/schema\\\/person\\\/6a0ec10aac06eb575d6bc0d71c431ff9\"},\"breadcrumb\":{\"@id\":\"https:\\\/\\\/aafcb.cat\\\/es\\\/activitats\\\/viatges\\\/visita-a-cava-tren-2\\\/#breadcrumb\"},\"inLanguage\":\"es\",\"potentialAction\":[{\"@type\":\"ReadAction\",\"target\":[\"https:\\\/\\\/aafcb.cat\\\/es\\\/activitats\\\/viatges\\\/visita-a-cava-tren-2\\\/\"]}]},{\"@type\":\"ImageObject\",\"inLanguage\":\"es\",\"@id\":\"https:\\\/\\\/aafcb.cat\\\/es\\\/activitats\\\/viatges\\\/visita-a-cava-tren-2\\\/#primaryimage\",\"url\":\"https:\\\/\\\/aafcb.cat\\\/aafcb-ferrocarril-media\\\/Viatges-1.jpg\",\"contentUrl\":\"https:\\\/\\\/aafcb.cat\\\/aafcb-ferrocarril-media\\\/Viatges-1.jpg\",\"width\":514,\"height\":386},{\"@type\":\"BreadcrumbList\",\"@id\":\"https:\\\/\\\/aafcb.cat\\\/es\\\/activitats\\\/viatges\\\/visita-a-cava-tren-2\\\/#breadcrumb\",\"itemListElement\":[{\"@type\":\"ListItem\",\"position\":1,\"name\":\"Inici\",\"item\":\"https:\\\/\\\/aafcb.cat\\\/es\\\/\"},{\"@type\":\"ListItem\",\"position\":2,\"name\":\"Visita a \u201cCava Tren\u201d\"}]},{\"@type\":\"WebSite\",\"@id\":\"https:\\\/\\\/aafcb.cat\\\/es\\\/#website\",\"url\":\"https:\\\/\\\/aafcb.cat\\\/es\\\/\",\"name\":\"AAFCB\",\"description\":\"Associaci\u00f3 d&#039;Amics del Ferrocarril de Barcelona\",\"potentialAction\":[{\"@type\":\"SearchAction\",\"target\":{\"@type\":\"EntryPoint\",\"urlTemplate\":\"https:\\\/\\\/aafcb.cat\\\/es\\\/?s={search_term_string}\"},\"query-input\":{\"@type\":\"PropertyValueSpecification\",\"valueRequired\":true,\"valueName\":\"search_term_string\"}}],\"inLanguage\":\"es\"},{\"@type\":\"Person\",\"@id\":\"https:\\\/\\\/aafcb.cat\\\/es\\\/#\\\/schema\\\/person\\\/6a0ec10aac06eb575d6bc0d71c431ff9\",\"name\":\"admin aafcb\",\"sameAs\":[\"https:\\\/\\\/aafcb.cat\"],\"url\":\"https:\\\/\\\/aafcb.cat\\\/es\\\/author\\\/aafcb_admin\\\/\"}]}<\/script>\n<!-- \/ Yoast SEO plugin. -->","yoast_head_json":{"title":"Visita a \u201cCava Tren\u201d - AAFCB","robots":{"index":"index","follow":"follow","max-snippet":"max-snippet:-1","max-image-preview":"max-image-preview:large","max-video-preview":"max-video-preview:-1"},"canonical":"https:\/\/aafcb.cat\/es\/activitats\/viatges\/visita-a-cava-tren-2\/","og_locale":"es_ES","og_type":"article","og_title":"Visita a \u201cCava Tren\u201d - AAFCB","og_description":"El S\u00e1bado 22 de Octubre organizamos una visita matinal a Sant Sadurni d\u2019Anoia para visitar El Celler Vell y su maqueta de trenes \u201cCava Tren\u201d. Celler Vell es una empresa [&hellip;]","og_url":"https:\/\/aafcb.cat\/es\/activitats\/viatges\/visita-a-cava-tren-2\/","og_site_name":"AAFCB","article_published_time":"2016-12-20T13:04:54+00:00","author":"admin aafcb","twitter_card":"summary_large_image","twitter_misc":{"Escrito por":"admin aafcb","Tiempo de lectura":"3 minutos"},"schema":{"@context":"https:\/\/schema.org","@graph":[{"@type":"Article","@id":"https:\/\/aafcb.cat\/es\/activitats\/viatges\/visita-a-cava-tren-2\/#article","isPartOf":{"@id":"https:\/\/aafcb.cat\/es\/activitats\/viatges\/visita-a-cava-tren-2\/"},"author":{"name":"admin aafcb","@id":"https:\/\/aafcb.cat\/es\/#\/schema\/person\/6a0ec10aac06eb575d6bc0d71c431ff9"},"headline":"Visita a \u201cCava Tren\u201d","datePublished":"2016-12-20T13:04:54+00:00","mainEntityOfPage":{"@id":"https:\/\/aafcb.cat\/es\/activitats\/viatges\/visita-a-cava-tren-2\/"},"wordCount":700,"image":{"@id":"https:\/\/aafcb.cat\/es\/activitats\/viatges\/visita-a-cava-tren-2\/#primaryimage"},"thumbnailUrl":"https:\/\/aafcb.cat\/aafcb-ferrocarril-media\/Viatges-1.jpg","articleSection":["Viatges"],"inLanguage":"es"},{"@type":"WebPage","@id":"https:\/\/aafcb.cat\/es\/activitats\/viatges\/visita-a-cava-tren-2\/","url":"https:\/\/aafcb.cat\/es\/activitats\/viatges\/visita-a-cava-tren-2\/","name":"Visita a \u201cCava Tren\u201d - AAFCB","isPartOf":{"@id":"https:\/\/aafcb.cat\/es\/#website"},"primaryImageOfPage":{"@id":"https:\/\/aafcb.cat\/es\/activitats\/viatges\/visita-a-cava-tren-2\/#primaryimage"},"image":{"@id":"https:\/\/aafcb.cat\/es\/activitats\/viatges\/visita-a-cava-tren-2\/#primaryimage"},"thumbnailUrl":"https:\/\/aafcb.cat\/aafcb-ferrocarril-media\/Viatges-1.jpg","datePublished":"2016-12-20T13:04:54+00:00","author":{"@id":"https:\/\/aafcb.cat\/es\/#\/schema\/person\/6a0ec10aac06eb575d6bc0d71c431ff9"},"breadcrumb":{"@id":"https:\/\/aafcb.cat\/es\/activitats\/viatges\/visita-a-cava-tren-2\/#breadcrumb"},"inLanguage":"es","potentialAction":[{"@type":"ReadAction","target":["https:\/\/aafcb.cat\/es\/activitats\/viatges\/visita-a-cava-tren-2\/"]}]},{"@type":"ImageObject","inLanguage":"es","@id":"https:\/\/aafcb.cat\/es\/activitats\/viatges\/visita-a-cava-tren-2\/#primaryimage","url":"https:\/\/aafcb.cat\/aafcb-ferrocarril-media\/Viatges-1.jpg","contentUrl":"https:\/\/aafcb.cat\/aafcb-ferrocarril-media\/Viatges-1.jpg","width":514,"height":386},{"@type":"BreadcrumbList","@id":"https:\/\/aafcb.cat\/es\/activitats\/viatges\/visita-a-cava-tren-2\/#breadcrumb","itemListElement":[{"@type":"ListItem","position":1,"name":"Inici","item":"https:\/\/aafcb.cat\/es\/"},{"@type":"ListItem","position":2,"name":"Visita a \u201cCava Tren\u201d"}]},{"@type":"WebSite","@id":"https:\/\/aafcb.cat\/es\/#website","url":"https:\/\/aafcb.cat\/es\/","name":"AAFCB","description":"Associaci\u00f3 d&#039;Amics del Ferrocarril de Barcelona","potentialAction":[{"@type":"SearchAction","target":{"@type":"EntryPoint","urlTemplate":"https:\/\/aafcb.cat\/es\/?s={search_term_string}"},"query-input":{"@type":"PropertyValueSpecification","valueRequired":true,"valueName":"search_term_string"}}],"inLanguage":"es"},{"@type":"Person","@id":"https:\/\/aafcb.cat\/es\/#\/schema\/person\/6a0ec10aac06eb575d6bc0d71c431ff9","name":"admin aafcb","sameAs":["https:\/\/aafcb.cat"],"url":"https:\/\/aafcb.cat\/es\/author\/aafcb_admin\/"}]}},"_links":{"self":[{"href":"https:\/\/aafcb.cat\/es\/wp-json\/wp\/v2\/posts\/6130","targetHints":{"allow":["GET"]}}],"collection":[{"href":"https:\/\/aafcb.cat\/es\/wp-json\/wp\/v2\/posts"}],"about":[{"href":"https:\/\/aafcb.cat\/es\/wp-json\/wp\/v2\/types\/post"}],"author":[{"embeddable":true,"href":"https:\/\/aafcb.cat\/es\/wp-json\/wp\/v2\/users\/5"}],"replies":[{"embeddable":true,"href":"https:\/\/aafcb.cat\/es\/wp-json\/wp\/v2\/comments?post=6130"}],"version-history":[{"count":0,"href":"https:\/\/aafcb.cat\/es\/wp-json\/wp\/v2\/posts\/6130\/revisions"}],"wp:featuredmedia":[{"embeddable":true,"href":"https:\/\/aafcb.cat\/es\/wp-json\/wp\/v2\/media\/6127"}],"wp:attachment":[{"href":"https:\/\/aafcb.cat\/es\/wp-json\/wp\/v2\/media?parent=6130"}],"wp:term":[{"taxonomy":"category","embeddable":true,"href":"https:\/\/aafcb.cat\/es\/wp-json\/wp\/v2\/categories?post=6130"},{"taxonomy":"post_tag","embeddable":true,"href":"https:\/\/aafcb.cat\/es\/wp-json\/wp\/v2\/tags?post=6130"}],"curies":[{"name":"wp","href":"https:\/\/api.w.org\/{rel}","templated":true}]}}