{"id":6138,"date":"2016-12-20T14:26:10","date_gmt":"2016-12-20T13:26:10","guid":{"rendered":"http:\/\/www.aafcb.cat\/?p=6138"},"modified":"2024-03-11T09:30:24","modified_gmt":"2024-03-11T08:30:24","slug":"cata-de-vinos","status":"publish","type":"post","link":"https:\/\/aafcb.cat\/es\/actividades\/actividades-sociales\/cata-de-vinos\/","title":{"rendered":"Cata de vinos"},"content":{"rendered":"<p>[et_pb_section admin_label=\u00bbsection\u00bb transparent_background=\u00bboff\u00bb allow_player_pause=\u00bboff\u00bb inner_shadow=\u00bboff\u00bb parallax=\u00bboff\u00bb parallax_method=\u00bboff\u00bb custom_padding=\u00bb0px|||\u00bb custom_padding_tablet=\u00bb22px|||\u00bb custom_padding_phone=\u00bb12px|||\u00bb padding_mobile=\u00bboff\u00bb make_fullwidth=\u00bboff\u00bb use_custom_width=\u00bboff\u00bb width_unit=\u00bbon\u00bb custom_width_px=\u00bb1080px\u00bb custom_width_percent=\u00bb80%\u00bb make_equal=\u00bboff\u00bb use_custom_gutter=\u00bboff\u00bb fullwidth=\u00bboff\u00bb specialty=\u00bboff\u00bb disabled=\u00bboff\u00bb][et_pb_row admin_label=\u00bbrow\u00bb make_fullwidth=\u00bboff\u00bb use_custom_width=\u00bboff\u00bb width_unit=\u00bboff\u00bb custom_width_px=\u00bb1080px\u00bb custom_width_percent=\u00bb80%\u00bb use_custom_gutter=\u00bboff\u00bb gutter_width=\u00bb3&#8243; custom_padding=\u00bb|||\u00bb padding_mobile=\u00bboff\u00bb allow_player_pause=\u00bboff\u00bb parallax=\u00bboff\u00bb parallax_method=\u00bbon\u00bb make_equal=\u00bboff\u00bb column_padding_mobile=\u00bbon\u00bb parallax_1=\u00bboff\u00bb parallax_method_1=\u00bbon\u00bb parallax_2=\u00bboff\u00bb parallax_method_2=\u00bbon\u00bb parallax_3=\u00bboff\u00bb parallax_method_3=\u00bbon\u00bb parallax_4=\u00bboff\u00bb parallax_method_4=\u00bbon\u00bb disabled=\u00bboff\u00bb][et_pb_column type=\u00bb1_4&#8243;][et_pb_image admin_label=\u00bbImage\u00bb show_in_lightbox=\u00bboff\u00bb url_new_window=\u00bboff\u00bb use_overlay=\u00bboff\u00bb sticky=\u00bboff\u00bb align=\u00bbleft\u00bb force_fullwidth=\u00bboff\u00bb always_center_on_mobile=\u00bbon\u00bb use_border_color=\u00bbon\u00bb border_color=\u00bb#006633&#8243; border_width=\u00bb6px\u00bb border_style=\u00bbsolid\u00bb custom_margin=\u00bb8px|||\u00bb disabled=\u00bboff\u00bb] [\/et_pb_image][\/et_pb_column][et_pb_column type=\u00bb3_4&#8243;][et_pb_text admin_label=\u00bbText\u00bb background_layout=\u00bblight\u00bb text_orientation=\u00bbleft\u00bb use_border_color=\u00bboff\u00bb border_style=\u00bbsolid\u00bb disabled=\u00bboff\u00bb border_color=\u00bb#ffffff\u00bb]<\/p>\n<p>El s\u00e1bado d\u00eda 12 de Noviembre por la tarde llevamos a cabo la primera cata de vinos en la entidad. Vinos y ferrocarril siempre han estado \u00edntimamente relacionados, tanto es as\u00ed que exist\u00edan y existen diferentes tipos de vagones para el transporte de los mismos, y durante muchos a\u00f1os este tipo de transporte era el grueso m\u00e1s importante de movimiento de mercanc\u00edas a muchas compa\u00f1\u00edas, incluso algunas de peque\u00f1as se crearon casi exclusivamente para este transporte.<\/p>\n<p>Una vez fueron llegado todos los asistentes, para hacer boca pasamos dos pel\u00edculas que versaban sobre la historia del transporte del vino por ferrocarril. Despu\u00e9s, y en un ambiente distendido y muy agradable pudieron probar cuatro vinos, dos blanco y dos negros, todos ellos de bodegas con denominaciones de origen de Catalu\u00f1a. Las explicaciones, muy completas, dadas por el Sr. Xavier Molist, de la vinoteca L\u2019 Oranget, acompa\u00f1aron en todo momento la cata.<\/p>\n<p>Una muy buena experiencia que nos da \u00e1nimos para repetir actividades de este tipo.<\/p>\n<p>[\/et_pb_text][\/et_pb_column][\/et_pb_row][\/et_pb_section][et_pb_section admin_label=\u00bbsection\u00bb transparent_background=\u00bboff\u00bb allow_player_pause=\u00bboff\u00bb inner_shadow=\u00bboff\u00bb parallax=\u00bboff\u00bb parallax_method=\u00bbon\u00bb padding_mobile=\u00bboff\u00bb make_fullwidth=\u00bboff\u00bb use_custom_width=\u00bboff\u00bb width_unit=\u00bboff\u00bb custom_width_px=\u00bb1080px\u00bb custom_width_percent=\u00bb80%\u00bb make_equal=\u00bboff\u00bb use_custom_gutter=\u00bboff\u00bb fullwidth=\u00bboff\u00bb specialty=\u00bboff\u00bb disabled=\u00bboff\u00bb][et_pb_row admin_label=\u00bbrow\u00bb make_fullwidth=\u00bboff\u00bb use_custom_width=\u00bboff\u00bb width_unit=\u00bboff\u00bb custom_width_px=\u00bb1080px\u00bb custom_width_percent=\u00bb80%\u00bb use_custom_gutter=\u00bboff\u00bb gutter_width=\u00bb3&#8243; padding_mobile=\u00bboff\u00bb allow_player_pause=\u00bboff\u00bb parallax=\u00bboff\u00bb parallax_method=\u00bbon\u00bb make_equal=\u00bboff\u00bb column_padding_mobile=\u00bbon\u00bb parallax_1=\u00bboff\u00bb parallax_method_1=\u00bbon\u00bb parallax_2=\u00bboff\u00bb parallax_method_2=\u00bbon\u00bb parallax_3=\u00bboff\u00bb parallax_method_3=\u00bbon\u00bb parallax_4=\u00bboff\u00bb parallax_method_4=\u00bbon\u00bb disabled=\u00bboff\u00bb][et_pb_column type=\u00bb4_4&#8243;][et_pb_post_nav admin_label=\u00bbPost Navigation\u00bb in_same_term=\u00bbon\u00bb title_font_size=\u00bb14px\u00bb title_letter_spacing=\u00bb0px\u00bb title_line_height=\u00bb1em\u00bb use_border_color=\u00bboff\u00bb border_color=\u00bb#ffffff\u00bb border_width=\u00bb1px\u00bb border_style=\u00bbsolid\u00bb disabled=\u00bboff\u00bb] [\/et_pb_post_nav][\/et_pb_column][\/et_pb_row][\/et_pb_section]<\/p>\n","protected":false},"excerpt":{"rendered":"<p>El s\u00e1bado d\u00eda 12 de Noviembre por la tarde llevamos a cabo la primera cata de vinos en la entidad. Vinos y ferrocarril siempre han estado \u00edntimamente relacionados, tanto es [&hellip;]<\/p>\n","protected":false},"author":5,"featured_media":6135,"comment_status":"closed","ping_status":"closed","sticky":false,"template":"","format":"standard","meta":{"_et_pb_use_builder":"on","_et_pb_old_content":"<p>[et_pb_section admin_label=\"section\" transparent_background=\"off\" allow_player_pause=\"off\" inner_shadow=\"off\" parallax=\"off\" parallax_method=\"off\" custom_padding=\"0px|||\" custom_padding_tablet=\"22px|||\" custom_padding_phone=\"12px|||\" padding_mobile=\"off\" make_fullwidth=\"off\" use_custom_width=\"off\" width_unit=\"on\" custom_width_px=\"1080px\" custom_width_percent=\"80%\" make_equal=\"off\" use_custom_gutter=\"off\" fullwidth=\"off\" specialty=\"off\" disabled=\"off\"][et_pb_row admin_label=\"row\" make_fullwidth=\"off\" use_custom_width=\"off\" width_unit=\"off\" custom_width_px=\"1080px\" custom_width_percent=\"80%\" use_custom_gutter=\"off\" gutter_width=\"3\" custom_padding=\"|||\" padding_mobile=\"off\" allow_player_pause=\"off\" parallax=\"off\" parallax_method=\"on\" make_equal=\"off\" column_padding_mobile=\"on\" parallax_1=\"off\" parallax_method_1=\"on\" parallax_2=\"off\" parallax_method_2=\"on\" parallax_3=\"off\" parallax_method_3=\"on\" parallax_4=\"off\" parallax_method_4=\"on\" disabled=\"off\"][et_pb_column type=\"1_4\"][et_pb_image admin_label=\"Image\" show_in_lightbox=\"off\" url_new_window=\"off\" use_overlay=\"off\" sticky=\"off\" align=\"left\" force_fullwidth=\"off\" always_center_on_mobile=\"on\" use_border_color=\"on\" border_color=\"#006633\" border_width=\"6px\" border_style=\"solid\" custom_margin=\"8px|||\" disabled=\"off\"] [\/et_pb_image][\/et_pb_column][et_pb_column type=\"3_4\"][et_pb_text admin_label=\"Text\" background_layout=\"light\" text_orientation=\"left\" use_border_color=\"off\" border_style=\"solid\" disabled=\"off\" border_color=\"#ffffff\"]<\/p><p>El dissabte dia 12 de Novembre al vespre varem dur a terme la primera cata de vins a l'entitat. Vins i ferrocarril sempre han estat \u00edntimament relacionats, tant es aix\u00ed que existien i existeixen diferents tipus de vagons pel transport dels mateixos, i durant molts anys aquest tipus de transport era el gruix m\u00e9s important de moviment de mercaderies a moltes companyies, fins i tot algunes de petites es varen crear casi exclusivament per aquest transport.<\/p><p>Un cop varen arribat tots els assistens, per fer boca vam passar dues pel\u00b7l\u00edcules que versaven sobre la hist\u00f2ria del transport del vi per ferrocarril. Despr\u00e9s, i en un ambient distes i molt agradable varen poder probar cuatre vins, dos blanc i dos negres, tots ells de cellers amb denominacions d'origen de Catalunya. Les explicacions, molt completes, donades per el Sr. Xavier Molist, de la vinoteca L'Oranget, varen acompanyar en tot moment la cata.<\/p><p>Una molt bona experiencia que ens dona \u00e0nims per repetir activitats d'aquest tipus.<\/p><p>[\/et_pb_text][\/et_pb_column][\/et_pb_row][\/et_pb_section][et_pb_section admin_label=\"section\" transparent_background=\"off\" allow_player_pause=\"off\" inner_shadow=\"off\" parallax=\"off\" parallax_method=\"on\" padding_mobile=\"off\" make_fullwidth=\"off\" use_custom_width=\"off\" width_unit=\"off\" custom_width_px=\"1080px\" custom_width_percent=\"80%\" make_equal=\"off\" use_custom_gutter=\"off\" fullwidth=\"off\" specialty=\"off\" disabled=\"off\"][et_pb_row admin_label=\"row\" make_fullwidth=\"off\" use_custom_width=\"off\" width_unit=\"off\" custom_width_px=\"1080px\" custom_width_percent=\"80%\" use_custom_gutter=\"off\" gutter_width=\"3\" padding_mobile=\"off\" allow_player_pause=\"off\" parallax=\"off\" parallax_method=\"on\" make_equal=\"off\" column_padding_mobile=\"on\" parallax_1=\"off\" parallax_method_1=\"on\" parallax_2=\"off\" parallax_method_2=\"on\" parallax_3=\"off\" parallax_method_3=\"on\" parallax_4=\"off\" parallax_method_4=\"on\" disabled=\"off\"][et_pb_column type=\"4_4\"][et_pb_post_nav admin_label=\"Post Navigation\" in_same_term=\"on\" title_font_size=\"14px\" title_letter_spacing=\"0px\" title_line_height=\"1em\" use_border_color=\"off\" border_color=\"#ffffff\" border_width=\"1px\" border_style=\"solid\" disabled=\"off\"] [\/et_pb_post_nav][\/et_pb_column][\/et_pb_row][\/et_pb_section]<\/p>","_et_gb_content_width":"","footnotes":""},"categories":[19],"tags":[],"class_list":["post-6138","post","type-post","status-publish","format-standard","has-post-thumbnail","hentry","category-actividades-sociales"],"yoast_head":"<!-- This site is optimized with the Yoast SEO plugin v27.3 - https:\/\/yoast.com\/product\/yoast-seo-wordpress\/ -->\n<title>Cata de vinos - AAFCB<\/title>\n<meta name=\"robots\" content=\"index, follow, max-snippet:-1, max-image-preview:large, max-video-preview:-1\" \/>\n<link rel=\"canonical\" href=\"https:\/\/aafcb.cat\/es\/actividades\/actividades-sociales\/cata-de-vinos\/\" \/>\n<meta property=\"og:locale\" content=\"es_ES\" \/>\n<meta property=\"og:type\" content=\"article\" \/>\n<meta property=\"og:title\" content=\"Cata de vinos - AAFCB\" \/>\n<meta property=\"og:description\" content=\"El s\u00e1bado d\u00eda 12 de Noviembre por la tarde llevamos a cabo la primera cata de vinos en la entidad. Vinos y ferrocarril siempre han estado \u00edntimamente relacionados, tanto es [&hellip;]\" \/>\n<meta property=\"og:url\" content=\"https:\/\/aafcb.cat\/es\/actividades\/actividades-sociales\/cata-de-vinos\/\" \/>\n<meta property=\"og:site_name\" content=\"AAFCB\" \/>\n<meta property=\"article:published_time\" content=\"2016-12-20T13:26:10+00:00\" \/>\n<meta property=\"article:modified_time\" content=\"2024-03-11T08:30:24+00:00\" \/>\n<meta property=\"og:image\" content=\"https:\/\/aafcb.cat\/aafcb-ferrocarril-media\/Activitats-socials-2.jpg\" \/>\n\t<meta property=\"og:image:width\" content=\"531\" \/>\n\t<meta property=\"og:image:height\" content=\"398\" \/>\n\t<meta property=\"og:image:type\" content=\"image\/jpeg\" \/>\n<meta name=\"author\" content=\"admin aafcb\" \/>\n<meta name=\"twitter:card\" content=\"summary_large_image\" \/>\n<meta name=\"twitter:label1\" content=\"Escrito por\" \/>\n\t<meta name=\"twitter:data1\" content=\"admin aafcb\" \/>\n\t<meta name=\"twitter:label2\" content=\"Tiempo de lectura\" \/>\n\t<meta name=\"twitter:data2\" content=\"2 minutos\" \/>\n<script type=\"application\/ld+json\" class=\"yoast-schema-graph\">{\"@context\":\"https:\\\/\\\/schema.org\",\"@graph\":[{\"@type\":\"Article\",\"@id\":\"https:\\\/\\\/aafcb.cat\\\/es\\\/actividades\\\/actividades-sociales\\\/cata-de-vinos\\\/#article\",\"isPartOf\":{\"@id\":\"https:\\\/\\\/aafcb.cat\\\/es\\\/actividades\\\/actividades-sociales\\\/cata-de-vinos\\\/\"},\"author\":{\"name\":\"admin aafcb\",\"@id\":\"https:\\\/\\\/aafcb.cat\\\/es\\\/#\\\/schema\\\/person\\\/6a0ec10aac06eb575d6bc0d71c431ff9\"},\"headline\":\"Cata de vinos\",\"datePublished\":\"2016-12-20T13:26:10+00:00\",\"dateModified\":\"2024-03-11T08:30:24+00:00\",\"mainEntityOfPage\":{\"@id\":\"https:\\\/\\\/aafcb.cat\\\/es\\\/actividades\\\/actividades-sociales\\\/cata-de-vinos\\\/\"},\"wordCount\":590,\"image\":{\"@id\":\"https:\\\/\\\/aafcb.cat\\\/es\\\/actividades\\\/actividades-sociales\\\/cata-de-vinos\\\/#primaryimage\"},\"thumbnailUrl\":\"https:\\\/\\\/aafcb.cat\\\/aafcb-ferrocarril-media\\\/Activitats-socials-2.jpg\",\"articleSection\":[\"Actividades Sociales\"],\"inLanguage\":\"es\"},{\"@type\":\"WebPage\",\"@id\":\"https:\\\/\\\/aafcb.cat\\\/es\\\/actividades\\\/actividades-sociales\\\/cata-de-vinos\\\/\",\"url\":\"https:\\\/\\\/aafcb.cat\\\/es\\\/actividades\\\/actividades-sociales\\\/cata-de-vinos\\\/\",\"name\":\"Cata de vinos - AAFCB\",\"isPartOf\":{\"@id\":\"https:\\\/\\\/aafcb.cat\\\/es\\\/#website\"},\"primaryImageOfPage\":{\"@id\":\"https:\\\/\\\/aafcb.cat\\\/es\\\/actividades\\\/actividades-sociales\\\/cata-de-vinos\\\/#primaryimage\"},\"image\":{\"@id\":\"https:\\\/\\\/aafcb.cat\\\/es\\\/actividades\\\/actividades-sociales\\\/cata-de-vinos\\\/#primaryimage\"},\"thumbnailUrl\":\"https:\\\/\\\/aafcb.cat\\\/aafcb-ferrocarril-media\\\/Activitats-socials-2.jpg\",\"datePublished\":\"2016-12-20T13:26:10+00:00\",\"dateModified\":\"2024-03-11T08:30:24+00:00\",\"author\":{\"@id\":\"https:\\\/\\\/aafcb.cat\\\/es\\\/#\\\/schema\\\/person\\\/6a0ec10aac06eb575d6bc0d71c431ff9\"},\"breadcrumb\":{\"@id\":\"https:\\\/\\\/aafcb.cat\\\/es\\\/actividades\\\/actividades-sociales\\\/cata-de-vinos\\\/#breadcrumb\"},\"inLanguage\":\"es\",\"potentialAction\":[{\"@type\":\"ReadAction\",\"target\":[\"https:\\\/\\\/aafcb.cat\\\/es\\\/actividades\\\/actividades-sociales\\\/cata-de-vinos\\\/\"]}]},{\"@type\":\"ImageObject\",\"inLanguage\":\"es\",\"@id\":\"https:\\\/\\\/aafcb.cat\\\/es\\\/actividades\\\/actividades-sociales\\\/cata-de-vinos\\\/#primaryimage\",\"url\":\"https:\\\/\\\/aafcb.cat\\\/aafcb-ferrocarril-media\\\/Activitats-socials-2.jpg\",\"contentUrl\":\"https:\\\/\\\/aafcb.cat\\\/aafcb-ferrocarril-media\\\/Activitats-socials-2.jpg\",\"width\":531,\"height\":398},{\"@type\":\"BreadcrumbList\",\"@id\":\"https:\\\/\\\/aafcb.cat\\\/es\\\/actividades\\\/actividades-sociales\\\/cata-de-vinos\\\/#breadcrumb\",\"itemListElement\":[{\"@type\":\"ListItem\",\"position\":1,\"name\":\"Inici\",\"item\":\"https:\\\/\\\/aafcb.cat\\\/es\\\/\"},{\"@type\":\"ListItem\",\"position\":2,\"name\":\"Cata de vinos\"}]},{\"@type\":\"WebSite\",\"@id\":\"https:\\\/\\\/aafcb.cat\\\/es\\\/#website\",\"url\":\"https:\\\/\\\/aafcb.cat\\\/es\\\/\",\"name\":\"AAFCB\",\"description\":\"Associaci\u00f3 d&#039;Amics del Ferrocarril de Barcelona\",\"potentialAction\":[{\"@type\":\"SearchAction\",\"target\":{\"@type\":\"EntryPoint\",\"urlTemplate\":\"https:\\\/\\\/aafcb.cat\\\/es\\\/?s={search_term_string}\"},\"query-input\":{\"@type\":\"PropertyValueSpecification\",\"valueRequired\":true,\"valueName\":\"search_term_string\"}}],\"inLanguage\":\"es\"},{\"@type\":\"Person\",\"@id\":\"https:\\\/\\\/aafcb.cat\\\/es\\\/#\\\/schema\\\/person\\\/6a0ec10aac06eb575d6bc0d71c431ff9\",\"name\":\"admin aafcb\",\"sameAs\":[\"https:\\\/\\\/aafcb.cat\"],\"url\":\"https:\\\/\\\/aafcb.cat\\\/es\\\/author\\\/aafcb_admin\\\/\"}]}<\/script>\n<!-- \/ Yoast SEO plugin. -->","yoast_head_json":{"title":"Cata de vinos - AAFCB","robots":{"index":"index","follow":"follow","max-snippet":"max-snippet:-1","max-image-preview":"max-image-preview:large","max-video-preview":"max-video-preview:-1"},"canonical":"https:\/\/aafcb.cat\/es\/actividades\/actividades-sociales\/cata-de-vinos\/","og_locale":"es_ES","og_type":"article","og_title":"Cata de vinos - AAFCB","og_description":"El s\u00e1bado d\u00eda 12 de Noviembre por la tarde llevamos a cabo la primera cata de vinos en la entidad. Vinos y ferrocarril siempre han estado \u00edntimamente relacionados, tanto es [&hellip;]","og_url":"https:\/\/aafcb.cat\/es\/actividades\/actividades-sociales\/cata-de-vinos\/","og_site_name":"AAFCB","article_published_time":"2016-12-20T13:26:10+00:00","article_modified_time":"2024-03-11T08:30:24+00:00","og_image":[{"width":531,"height":398,"url":"https:\/\/aafcb.cat\/aafcb-ferrocarril-media\/Activitats-socials-2.jpg","type":"image\/jpeg"}],"author":"admin aafcb","twitter_card":"summary_large_image","twitter_misc":{"Escrito por":"admin aafcb","Tiempo de lectura":"2 minutos"},"schema":{"@context":"https:\/\/schema.org","@graph":[{"@type":"Article","@id":"https:\/\/aafcb.cat\/es\/actividades\/actividades-sociales\/cata-de-vinos\/#article","isPartOf":{"@id":"https:\/\/aafcb.cat\/es\/actividades\/actividades-sociales\/cata-de-vinos\/"},"author":{"name":"admin aafcb","@id":"https:\/\/aafcb.cat\/es\/#\/schema\/person\/6a0ec10aac06eb575d6bc0d71c431ff9"},"headline":"Cata de vinos","datePublished":"2016-12-20T13:26:10+00:00","dateModified":"2024-03-11T08:30:24+00:00","mainEntityOfPage":{"@id":"https:\/\/aafcb.cat\/es\/actividades\/actividades-sociales\/cata-de-vinos\/"},"wordCount":590,"image":{"@id":"https:\/\/aafcb.cat\/es\/actividades\/actividades-sociales\/cata-de-vinos\/#primaryimage"},"thumbnailUrl":"https:\/\/aafcb.cat\/aafcb-ferrocarril-media\/Activitats-socials-2.jpg","articleSection":["Actividades Sociales"],"inLanguage":"es"},{"@type":"WebPage","@id":"https:\/\/aafcb.cat\/es\/actividades\/actividades-sociales\/cata-de-vinos\/","url":"https:\/\/aafcb.cat\/es\/actividades\/actividades-sociales\/cata-de-vinos\/","name":"Cata de vinos - AAFCB","isPartOf":{"@id":"https:\/\/aafcb.cat\/es\/#website"},"primaryImageOfPage":{"@id":"https:\/\/aafcb.cat\/es\/actividades\/actividades-sociales\/cata-de-vinos\/#primaryimage"},"image":{"@id":"https:\/\/aafcb.cat\/es\/actividades\/actividades-sociales\/cata-de-vinos\/#primaryimage"},"thumbnailUrl":"https:\/\/aafcb.cat\/aafcb-ferrocarril-media\/Activitats-socials-2.jpg","datePublished":"2016-12-20T13:26:10+00:00","dateModified":"2024-03-11T08:30:24+00:00","author":{"@id":"https:\/\/aafcb.cat\/es\/#\/schema\/person\/6a0ec10aac06eb575d6bc0d71c431ff9"},"breadcrumb":{"@id":"https:\/\/aafcb.cat\/es\/actividades\/actividades-sociales\/cata-de-vinos\/#breadcrumb"},"inLanguage":"es","potentialAction":[{"@type":"ReadAction","target":["https:\/\/aafcb.cat\/es\/actividades\/actividades-sociales\/cata-de-vinos\/"]}]},{"@type":"ImageObject","inLanguage":"es","@id":"https:\/\/aafcb.cat\/es\/actividades\/actividades-sociales\/cata-de-vinos\/#primaryimage","url":"https:\/\/aafcb.cat\/aafcb-ferrocarril-media\/Activitats-socials-2.jpg","contentUrl":"https:\/\/aafcb.cat\/aafcb-ferrocarril-media\/Activitats-socials-2.jpg","width":531,"height":398},{"@type":"BreadcrumbList","@id":"https:\/\/aafcb.cat\/es\/actividades\/actividades-sociales\/cata-de-vinos\/#breadcrumb","itemListElement":[{"@type":"ListItem","position":1,"name":"Inici","item":"https:\/\/aafcb.cat\/es\/"},{"@type":"ListItem","position":2,"name":"Cata de vinos"}]},{"@type":"WebSite","@id":"https:\/\/aafcb.cat\/es\/#website","url":"https:\/\/aafcb.cat\/es\/","name":"AAFCB","description":"Associaci\u00f3 d&#039;Amics del Ferrocarril de Barcelona","potentialAction":[{"@type":"SearchAction","target":{"@type":"EntryPoint","urlTemplate":"https:\/\/aafcb.cat\/es\/?s={search_term_string}"},"query-input":{"@type":"PropertyValueSpecification","valueRequired":true,"valueName":"search_term_string"}}],"inLanguage":"es"},{"@type":"Person","@id":"https:\/\/aafcb.cat\/es\/#\/schema\/person\/6a0ec10aac06eb575d6bc0d71c431ff9","name":"admin aafcb","sameAs":["https:\/\/aafcb.cat"],"url":"https:\/\/aafcb.cat\/es\/author\/aafcb_admin\/"}]}},"_links":{"self":[{"href":"https:\/\/aafcb.cat\/es\/wp-json\/wp\/v2\/posts\/6138","targetHints":{"allow":["GET"]}}],"collection":[{"href":"https:\/\/aafcb.cat\/es\/wp-json\/wp\/v2\/posts"}],"about":[{"href":"https:\/\/aafcb.cat\/es\/wp-json\/wp\/v2\/types\/post"}],"author":[{"embeddable":true,"href":"https:\/\/aafcb.cat\/es\/wp-json\/wp\/v2\/users\/5"}],"replies":[{"embeddable":true,"href":"https:\/\/aafcb.cat\/es\/wp-json\/wp\/v2\/comments?post=6138"}],"version-history":[{"count":3,"href":"https:\/\/aafcb.cat\/es\/wp-json\/wp\/v2\/posts\/6138\/revisions"}],"predecessor-version":[{"id":9585,"href":"https:\/\/aafcb.cat\/es\/wp-json\/wp\/v2\/posts\/6138\/revisions\/9585"}],"wp:featuredmedia":[{"embeddable":true,"href":"https:\/\/aafcb.cat\/es\/wp-json\/wp\/v2\/media\/6135"}],"wp:attachment":[{"href":"https:\/\/aafcb.cat\/es\/wp-json\/wp\/v2\/media?parent=6138"}],"wp:term":[{"taxonomy":"category","embeddable":true,"href":"https:\/\/aafcb.cat\/es\/wp-json\/wp\/v2\/categories?post=6138"},{"taxonomy":"post_tag","embeddable":true,"href":"https:\/\/aafcb.cat\/es\/wp-json\/wp\/v2\/tags?post=6138"}],"curies":[{"name":"wp","href":"https:\/\/api.w.org\/{rel}","templated":true}]}}