{"id":6150,"date":"2016-12-20T14:56:21","date_gmt":"2016-12-20T13:56:21","guid":{"rendered":"http:\/\/www.aafcb.cat\/?p=6150"},"modified":"2024-03-11T09:33:55","modified_gmt":"2024-03-11T08:33:55","slug":"unidad-213-06-bautizada-con-el-nombre-de-lluis-bruguera","status":"publish","type":"post","link":"https:\/\/aafcb.cat\/es\/general-es\/unidad-213-06-bautizada-con-el-nombre-de-lluis-bruguera\/","title":{"rendered":"Unidad\u00a0213.06\u00a0bautizada como \u00bb\u00a0Llu\u00eds\u00a0Bruguera\u00bb"},"content":{"rendered":"<p>[et_pb_section fb_built=\u00bb1&#8243; custom_padding_last_edited=\u00bbon|desktop\u00bb admin_label=\u00bbsection\u00bb _builder_version=\u00bb4.16&#8243; custom_padding=\u00bb0px|||\u00bb custom_padding_tablet=\u00bb22px|||\u00bb custom_padding_phone=\u00bb12px|||\u00bb transparent_background=\u00bboff\u00bb padding_mobile=\u00bboff\u00bb make_fullwidth=\u00bboff\u00bb use_custom_width=\u00bboff\u00bb width_unit=\u00bbon\u00bb custom_width_px=\u00bb1080px\u00bb custom_width_percent=\u00bb80%\u00bb global_colors_info=\u00bb{}\u00bb][et_pb_row padding_mobile=\u00bboff\u00bb column_padding_mobile=\u00bbon\u00bb admin_label=\u00bbrow\u00bb _builder_version=\u00bb4.16&#8243; background_size=\u00bbinitial\u00bb background_position=\u00bbtop_left\u00bb background_repeat=\u00bbrepeat\u00bb custom_padding=\u00bb|||\u00bb make_fullwidth=\u00bboff\u00bb use_custom_width=\u00bboff\u00bb width_unit=\u00bboff\u00bb custom_width_px=\u00bb1080px\u00bb custom_width_percent=\u00bb80%\u00bb global_colors_info=\u00bb{}\u00bb column_structure=\u00bb1_4,3_4&#8243;][et_pb_column type=\u00bb1_4&#8243; _builder_version=\u00bb4.16&#8243; custom_padding=\u00bb|||\u00bb global_colors_info=\u00bb{}\u00bb custom_padding__hover=\u00bb|||\u00bb][et_pb_image align_tablet=\u00bbcenter\u00bb align_last_edited=\u00bbon|desktop\u00bb admin_label=\u00bbImage\u00bb _builder_version=\u00bb4.16&#8243; custom_margin=\u00bb8px|||\u00bb animation_style=\u00bbslide\u00bb animation_direction=\u00bbleft\u00bb animation_duration=\u00bb500ms\u00bb animation_intensity_slide=\u00bb10%\u00bb border_width_all=\u00bb6px\u00bb border_color_all=\u00bb#006633&#8243; border_style_all=\u00bbsolid\u00bb sticky=\u00bboff\u00bb use_border_color=\u00bbon\u00bb border_color=\u00bb#006633&#8243; border_width=\u00bb6px\u00bb border_style=\u00bbsolid\u00bb always_center_on_mobile=\u00bbon\u00bb global_colors_info=\u00bb{}\u00bb align_phone=\u00bbcenter\u00bb] [\/et_pb_image][\/et_pb_column][et_pb_column type=\u00bb3_4&#8243; _builder_version=\u00bb4.16&#8243; custom_padding=\u00bb|||\u00bb global_colors_info=\u00bb{}\u00bb custom_padding__hover=\u00bb|||\u00bb][et_pb_text admin_label=\u00bbText\u00bb _builder_version=\u00bb4.16&#8243; background_size=\u00bbinitial\u00bb background_position=\u00bbtop_left\u00bb background_repeat=\u00bbrepeat\u00bb use_border_color=\u00bboff\u00bb border_color=\u00bb#ffffff\u00bb border_style=\u00bbsolid\u00bb global_colors_info=\u00bb{}\u00bb]\u00bbFerrocarrils de la Generalitat de Catalunya\u00bb decidi\u00f3 bautizar sus unidades de ferrocarril con nombre de personajes del mundo literario, de las artes, de la ingenier\u00eda, etc ..<\/p>\n<p>Con motivo de las celebraciones del 100\u00ba aniversario de la llegada de la l\u00ednea del Vall\u00e8s a Les Planes, el pasado 22 de noviembre se bautiz\u00f3 la unidad 213.06 con el nombre de \u00abLLu\u00eds Bruguera\u00bb.<\/p>\n<p>Llu\u00eds Bruguera de profesi\u00f3n perito industrial, dedic\u00f3 toda su vida laboral a mejorar el transporte ferroviario del \u00e1rea metropolitana de Barcelona. Primero en Ferrocarriles Catalanes, posteriormente en el Tren de Sarria y finalmente, durante 37 a\u00f1os en el Metro de la Ciudad de Barcelona, gestionando el material m\u00f3vil.<\/p>\n<p>Ferroviario de coraz\u00f3n y dedicaci\u00f3n, fue tambi\u00e9n el alma de la Asociaci\u00f3n de Amigos del Ferrocarril de Barcelona.[\/et_pb_text][et_pb_gallery gallery_ids=\u00bb6148&#8243; fullwidth=\u00bbon\u00bb admin_label=\u00bbGallery\u00bb _builder_version=\u00bb4.16&#8243; auto=\u00bbon\u00bb use_border_color=\u00bboff\u00bb border_color=\u00bb#ffffff\u00bb border_style=\u00bbsolid\u00bb global_colors_info=\u00bb{}\u00bb] [\/et_pb_gallery][\/et_pb_column][\/et_pb_row][\/et_pb_section][et_pb_section fb_built=\u00bb1&#8243; custom_padding_last_edited=\u00bbon|desktop\u00bb admin_label=\u00bbsection\u00bb _builder_version=\u00bb4.16&#8243; custom_padding_tablet=\u00bb50px|0|50px|0&#8243; transparent_background=\u00bboff\u00bb padding_mobile=\u00bboff\u00bb make_fullwidth=\u00bboff\u00bb use_custom_width=\u00bboff\u00bb width_unit=\u00bboff\u00bb custom_width_px=\u00bb1080px\u00bb custom_width_percent=\u00bb80%\u00bb global_colors_info=\u00bb{}\u00bb custom_padding_phone=\u00bb50px|0|50px|0&#8243;][et_pb_row padding_mobile=\u00bboff\u00bb column_padding_mobile=\u00bbon\u00bb admin_label=\u00bbrow\u00bb _builder_version=\u00bb4.16&#8243; background_size=\u00bbinitial\u00bb background_position=\u00bbtop_left\u00bb background_repeat=\u00bbrepeat\u00bb make_fullwidth=\u00bboff\u00bb use_custom_width=\u00bboff\u00bb width_unit=\u00bboff\u00bb custom_width_px=\u00bb1080px\u00bb custom_width_percent=\u00bb80%\u00bb global_colors_info=\u00bb{}\u00bb][et_pb_column type=\u00bb4_4&#8243; _builder_version=\u00bb4.16&#8243; custom_padding=\u00bb|||\u00bb global_colors_info=\u00bb{}\u00bb custom_padding__hover=\u00bb|||\u00bb][et_pb_post_nav in_same_term=\u00bbon\u00bb admin_label=\u00bbPost Navigation\u00bb _builder_version=\u00bb4.16&#8243; use_border_color=\u00bboff\u00bb border_color=\u00bb#ffffff\u00bb border_width=\u00bb1px\u00bb border_style=\u00bbsolid\u00bb hide_prev=\u00bboff\u00bb hide_next=\u00bboff\u00bb global_colors_info=\u00bb{}\u00bb] [\/et_pb_post_nav][\/et_pb_column][\/et_pb_row][\/et_pb_section]<\/p>\n","protected":false},"excerpt":{"rendered":"<p>\u00abFerrocarrils de la Generalitat de Catalunya\u00bb decidi\u00f3 bautizar sus unidades de ferrocarril con nombre de personajes del mundo literario, de las artes, de la ingenier\u00eda, etc .. Con motivo de [&hellip;]<\/p>\n","protected":false},"author":5,"featured_media":6146,"comment_status":"closed","ping_status":"closed","sticky":false,"template":"","format":"standard","meta":{"_et_pb_use_builder":"on","_et_pb_old_content":"","_et_gb_content_width":"","footnotes":""},"categories":[15],"tags":[],"class_list":["post-6150","post","type-post","status-publish","format-standard","has-post-thumbnail","hentry","category-general-es"],"yoast_head":"<!-- This site is optimized with the Yoast SEO plugin v27.3 - https:\/\/yoast.com\/product\/yoast-seo-wordpress\/ -->\n<title>Unidad\u00a0213.06\u00a0bautizada como &quot;\u00a0Llu\u00eds\u00a0Bruguera&quot; - AAFCB<\/title>\n<meta name=\"robots\" content=\"index, follow, max-snippet:-1, max-image-preview:large, max-video-preview:-1\" \/>\n<link rel=\"canonical\" href=\"https:\/\/aafcb.cat\/es\/general-es\/unidad-213-06-bautizada-con-el-nombre-de-lluis-bruguera\/\" \/>\n<meta property=\"og:locale\" content=\"es_ES\" \/>\n<meta property=\"og:type\" content=\"article\" \/>\n<meta property=\"og:title\" content=\"Unidad\u00a0213.06\u00a0bautizada como &quot;\u00a0Llu\u00eds\u00a0Bruguera&quot; - AAFCB\" \/>\n<meta property=\"og:description\" content=\"&quot;Ferrocarrils de la Generalitat de Catalunya&quot; decidi\u00f3 bautizar sus unidades de ferrocarril con nombre de personajes del mundo literario, de las artes, de la ingenier\u00eda, etc .. Con motivo de [&hellip;]\" \/>\n<meta property=\"og:url\" content=\"https:\/\/aafcb.cat\/es\/general-es\/unidad-213-06-bautizada-con-el-nombre-de-lluis-bruguera\/\" \/>\n<meta property=\"og:site_name\" content=\"AAFCB\" \/>\n<meta property=\"article:published_time\" content=\"2016-12-20T13:56:21+00:00\" \/>\n<meta property=\"article:modified_time\" content=\"2024-03-11T08:33:55+00:00\" \/>\n<meta property=\"og:image\" content=\"https:\/\/aafcb.cat\/aafcb-ferrocarril-media\/Activitats-socials-3.1.jpg\" \/>\n\t<meta property=\"og:image:width\" content=\"800\" \/>\n\t<meta property=\"og:image:height\" content=\"600\" \/>\n\t<meta property=\"og:image:type\" content=\"image\/jpeg\" \/>\n<meta name=\"author\" content=\"admin aafcb\" \/>\n<meta name=\"twitter:card\" content=\"summary_large_image\" \/>\n<meta name=\"twitter:label1\" content=\"Escrito por\" \/>\n\t<meta name=\"twitter:data1\" content=\"admin aafcb\" \/>\n\t<meta name=\"twitter:label2\" content=\"Tiempo de lectura\" \/>\n\t<meta name=\"twitter:data2\" content=\"2 minutos\" \/>\n<script type=\"application\/ld+json\" class=\"yoast-schema-graph\">{\"@context\":\"https:\\\/\\\/schema.org\",\"@graph\":[{\"@type\":\"Article\",\"@id\":\"https:\\\/\\\/aafcb.cat\\\/es\\\/general-es\\\/unidad-213-06-bautizada-con-el-nombre-de-lluis-bruguera\\\/#article\",\"isPartOf\":{\"@id\":\"https:\\\/\\\/aafcb.cat\\\/es\\\/general-es\\\/unidad-213-06-bautizada-con-el-nombre-de-lluis-bruguera\\\/\"},\"author\":{\"name\":\"admin aafcb\",\"@id\":\"https:\\\/\\\/aafcb.cat\\\/es\\\/#\\\/schema\\\/person\\\/6a0ec10aac06eb575d6bc0d71c431ff9\"},\"headline\":\"Unidad\u00a0213.06\u00a0bautizada como \u00bb\u00a0Llu\u00eds\u00a0Bruguera\u00bb\",\"datePublished\":\"2016-12-20T13:56:21+00:00\",\"dateModified\":\"2024-03-11T08:33:55+00:00\",\"mainEntityOfPage\":{\"@id\":\"https:\\\/\\\/aafcb.cat\\\/es\\\/general-es\\\/unidad-213-06-bautizada-con-el-nombre-de-lluis-bruguera\\\/\"},\"wordCount\":577,\"image\":{\"@id\":\"https:\\\/\\\/aafcb.cat\\\/es\\\/general-es\\\/unidad-213-06-bautizada-con-el-nombre-de-lluis-bruguera\\\/#primaryimage\"},\"thumbnailUrl\":\"https:\\\/\\\/aafcb.cat\\\/aafcb-ferrocarril-media\\\/Activitats-socials-3.1.jpg\",\"articleSection\":[\"General\"],\"inLanguage\":\"es\"},{\"@type\":\"WebPage\",\"@id\":\"https:\\\/\\\/aafcb.cat\\\/es\\\/general-es\\\/unidad-213-06-bautizada-con-el-nombre-de-lluis-bruguera\\\/\",\"url\":\"https:\\\/\\\/aafcb.cat\\\/es\\\/general-es\\\/unidad-213-06-bautizada-con-el-nombre-de-lluis-bruguera\\\/\",\"name\":\"Unidad\u00a0213.06\u00a0bautizada como \\\"\u00a0Llu\u00eds\u00a0Bruguera\\\" - AAFCB\",\"isPartOf\":{\"@id\":\"https:\\\/\\\/aafcb.cat\\\/es\\\/#website\"},\"primaryImageOfPage\":{\"@id\":\"https:\\\/\\\/aafcb.cat\\\/es\\\/general-es\\\/unidad-213-06-bautizada-con-el-nombre-de-lluis-bruguera\\\/#primaryimage\"},\"image\":{\"@id\":\"https:\\\/\\\/aafcb.cat\\\/es\\\/general-es\\\/unidad-213-06-bautizada-con-el-nombre-de-lluis-bruguera\\\/#primaryimage\"},\"thumbnailUrl\":\"https:\\\/\\\/aafcb.cat\\\/aafcb-ferrocarril-media\\\/Activitats-socials-3.1.jpg\",\"datePublished\":\"2016-12-20T13:56:21+00:00\",\"dateModified\":\"2024-03-11T08:33:55+00:00\",\"author\":{\"@id\":\"https:\\\/\\\/aafcb.cat\\\/es\\\/#\\\/schema\\\/person\\\/6a0ec10aac06eb575d6bc0d71c431ff9\"},\"breadcrumb\":{\"@id\":\"https:\\\/\\\/aafcb.cat\\\/es\\\/general-es\\\/unidad-213-06-bautizada-con-el-nombre-de-lluis-bruguera\\\/#breadcrumb\"},\"inLanguage\":\"es\",\"potentialAction\":[{\"@type\":\"ReadAction\",\"target\":[\"https:\\\/\\\/aafcb.cat\\\/es\\\/general-es\\\/unidad-213-06-bautizada-con-el-nombre-de-lluis-bruguera\\\/\"]}]},{\"@type\":\"ImageObject\",\"inLanguage\":\"es\",\"@id\":\"https:\\\/\\\/aafcb.cat\\\/es\\\/general-es\\\/unidad-213-06-bautizada-con-el-nombre-de-lluis-bruguera\\\/#primaryimage\",\"url\":\"https:\\\/\\\/aafcb.cat\\\/aafcb-ferrocarril-media\\\/Activitats-socials-3.1.jpg\",\"contentUrl\":\"https:\\\/\\\/aafcb.cat\\\/aafcb-ferrocarril-media\\\/Activitats-socials-3.1.jpg\",\"width\":800,\"height\":600},{\"@type\":\"BreadcrumbList\",\"@id\":\"https:\\\/\\\/aafcb.cat\\\/es\\\/general-es\\\/unidad-213-06-bautizada-con-el-nombre-de-lluis-bruguera\\\/#breadcrumb\",\"itemListElement\":[{\"@type\":\"ListItem\",\"position\":1,\"name\":\"Inici\",\"item\":\"https:\\\/\\\/aafcb.cat\\\/es\\\/\"},{\"@type\":\"ListItem\",\"position\":2,\"name\":\"Unidad\u00a0213.06\u00a0bautizada como &#8221;\u00a0Llu\u00eds\u00a0Bruguera&#8221;\"}]},{\"@type\":\"WebSite\",\"@id\":\"https:\\\/\\\/aafcb.cat\\\/es\\\/#website\",\"url\":\"https:\\\/\\\/aafcb.cat\\\/es\\\/\",\"name\":\"AAFCB\",\"description\":\"Associaci\u00f3 d&#039;Amics del Ferrocarril de Barcelona\",\"potentialAction\":[{\"@type\":\"SearchAction\",\"target\":{\"@type\":\"EntryPoint\",\"urlTemplate\":\"https:\\\/\\\/aafcb.cat\\\/es\\\/?s={search_term_string}\"},\"query-input\":{\"@type\":\"PropertyValueSpecification\",\"valueRequired\":true,\"valueName\":\"search_term_string\"}}],\"inLanguage\":\"es\"},{\"@type\":\"Person\",\"@id\":\"https:\\\/\\\/aafcb.cat\\\/es\\\/#\\\/schema\\\/person\\\/6a0ec10aac06eb575d6bc0d71c431ff9\",\"name\":\"admin aafcb\",\"sameAs\":[\"https:\\\/\\\/aafcb.cat\"],\"url\":\"https:\\\/\\\/aafcb.cat\\\/es\\\/author\\\/aafcb_admin\\\/\"}]}<\/script>\n<!-- \/ Yoast SEO plugin. -->","yoast_head_json":{"title":"Unidad\u00a0213.06\u00a0bautizada como \"\u00a0Llu\u00eds\u00a0Bruguera\" - AAFCB","robots":{"index":"index","follow":"follow","max-snippet":"max-snippet:-1","max-image-preview":"max-image-preview:large","max-video-preview":"max-video-preview:-1"},"canonical":"https:\/\/aafcb.cat\/es\/general-es\/unidad-213-06-bautizada-con-el-nombre-de-lluis-bruguera\/","og_locale":"es_ES","og_type":"article","og_title":"Unidad\u00a0213.06\u00a0bautizada como \"\u00a0Llu\u00eds\u00a0Bruguera\" - AAFCB","og_description":"\"Ferrocarrils de la Generalitat de Catalunya\" decidi\u00f3 bautizar sus unidades de ferrocarril con nombre de personajes del mundo literario, de las artes, de la ingenier\u00eda, etc .. Con motivo de [&hellip;]","og_url":"https:\/\/aafcb.cat\/es\/general-es\/unidad-213-06-bautizada-con-el-nombre-de-lluis-bruguera\/","og_site_name":"AAFCB","article_published_time":"2016-12-20T13:56:21+00:00","article_modified_time":"2024-03-11T08:33:55+00:00","og_image":[{"width":800,"height":600,"url":"https:\/\/aafcb.cat\/aafcb-ferrocarril-media\/Activitats-socials-3.1.jpg","type":"image\/jpeg"}],"author":"admin aafcb","twitter_card":"summary_large_image","twitter_misc":{"Escrito por":"admin aafcb","Tiempo de lectura":"2 minutos"},"schema":{"@context":"https:\/\/schema.org","@graph":[{"@type":"Article","@id":"https:\/\/aafcb.cat\/es\/general-es\/unidad-213-06-bautizada-con-el-nombre-de-lluis-bruguera\/#article","isPartOf":{"@id":"https:\/\/aafcb.cat\/es\/general-es\/unidad-213-06-bautizada-con-el-nombre-de-lluis-bruguera\/"},"author":{"name":"admin aafcb","@id":"https:\/\/aafcb.cat\/es\/#\/schema\/person\/6a0ec10aac06eb575d6bc0d71c431ff9"},"headline":"Unidad\u00a0213.06\u00a0bautizada como \u00bb\u00a0Llu\u00eds\u00a0Bruguera\u00bb","datePublished":"2016-12-20T13:56:21+00:00","dateModified":"2024-03-11T08:33:55+00:00","mainEntityOfPage":{"@id":"https:\/\/aafcb.cat\/es\/general-es\/unidad-213-06-bautizada-con-el-nombre-de-lluis-bruguera\/"},"wordCount":577,"image":{"@id":"https:\/\/aafcb.cat\/es\/general-es\/unidad-213-06-bautizada-con-el-nombre-de-lluis-bruguera\/#primaryimage"},"thumbnailUrl":"https:\/\/aafcb.cat\/aafcb-ferrocarril-media\/Activitats-socials-3.1.jpg","articleSection":["General"],"inLanguage":"es"},{"@type":"WebPage","@id":"https:\/\/aafcb.cat\/es\/general-es\/unidad-213-06-bautizada-con-el-nombre-de-lluis-bruguera\/","url":"https:\/\/aafcb.cat\/es\/general-es\/unidad-213-06-bautizada-con-el-nombre-de-lluis-bruguera\/","name":"Unidad\u00a0213.06\u00a0bautizada como \"\u00a0Llu\u00eds\u00a0Bruguera\" - AAFCB","isPartOf":{"@id":"https:\/\/aafcb.cat\/es\/#website"},"primaryImageOfPage":{"@id":"https:\/\/aafcb.cat\/es\/general-es\/unidad-213-06-bautizada-con-el-nombre-de-lluis-bruguera\/#primaryimage"},"image":{"@id":"https:\/\/aafcb.cat\/es\/general-es\/unidad-213-06-bautizada-con-el-nombre-de-lluis-bruguera\/#primaryimage"},"thumbnailUrl":"https:\/\/aafcb.cat\/aafcb-ferrocarril-media\/Activitats-socials-3.1.jpg","datePublished":"2016-12-20T13:56:21+00:00","dateModified":"2024-03-11T08:33:55+00:00","author":{"@id":"https:\/\/aafcb.cat\/es\/#\/schema\/person\/6a0ec10aac06eb575d6bc0d71c431ff9"},"breadcrumb":{"@id":"https:\/\/aafcb.cat\/es\/general-es\/unidad-213-06-bautizada-con-el-nombre-de-lluis-bruguera\/#breadcrumb"},"inLanguage":"es","potentialAction":[{"@type":"ReadAction","target":["https:\/\/aafcb.cat\/es\/general-es\/unidad-213-06-bautizada-con-el-nombre-de-lluis-bruguera\/"]}]},{"@type":"ImageObject","inLanguage":"es","@id":"https:\/\/aafcb.cat\/es\/general-es\/unidad-213-06-bautizada-con-el-nombre-de-lluis-bruguera\/#primaryimage","url":"https:\/\/aafcb.cat\/aafcb-ferrocarril-media\/Activitats-socials-3.1.jpg","contentUrl":"https:\/\/aafcb.cat\/aafcb-ferrocarril-media\/Activitats-socials-3.1.jpg","width":800,"height":600},{"@type":"BreadcrumbList","@id":"https:\/\/aafcb.cat\/es\/general-es\/unidad-213-06-bautizada-con-el-nombre-de-lluis-bruguera\/#breadcrumb","itemListElement":[{"@type":"ListItem","position":1,"name":"Inici","item":"https:\/\/aafcb.cat\/es\/"},{"@type":"ListItem","position":2,"name":"Unidad\u00a0213.06\u00a0bautizada como &#8221;\u00a0Llu\u00eds\u00a0Bruguera&#8221;"}]},{"@type":"WebSite","@id":"https:\/\/aafcb.cat\/es\/#website","url":"https:\/\/aafcb.cat\/es\/","name":"AAFCB","description":"Associaci\u00f3 d&#039;Amics del Ferrocarril de Barcelona","potentialAction":[{"@type":"SearchAction","target":{"@type":"EntryPoint","urlTemplate":"https:\/\/aafcb.cat\/es\/?s={search_term_string}"},"query-input":{"@type":"PropertyValueSpecification","valueRequired":true,"valueName":"search_term_string"}}],"inLanguage":"es"},{"@type":"Person","@id":"https:\/\/aafcb.cat\/es\/#\/schema\/person\/6a0ec10aac06eb575d6bc0d71c431ff9","name":"admin aafcb","sameAs":["https:\/\/aafcb.cat"],"url":"https:\/\/aafcb.cat\/es\/author\/aafcb_admin\/"}]}},"_links":{"self":[{"href":"https:\/\/aafcb.cat\/es\/wp-json\/wp\/v2\/posts\/6150","targetHints":{"allow":["GET"]}}],"collection":[{"href":"https:\/\/aafcb.cat\/es\/wp-json\/wp\/v2\/posts"}],"about":[{"href":"https:\/\/aafcb.cat\/es\/wp-json\/wp\/v2\/types\/post"}],"author":[{"embeddable":true,"href":"https:\/\/aafcb.cat\/es\/wp-json\/wp\/v2\/users\/5"}],"replies":[{"embeddable":true,"href":"https:\/\/aafcb.cat\/es\/wp-json\/wp\/v2\/comments?post=6150"}],"version-history":[{"count":1,"href":"https:\/\/aafcb.cat\/es\/wp-json\/wp\/v2\/posts\/6150\/revisions"}],"predecessor-version":[{"id":9587,"href":"https:\/\/aafcb.cat\/es\/wp-json\/wp\/v2\/posts\/6150\/revisions\/9587"}],"wp:featuredmedia":[{"embeddable":true,"href":"https:\/\/aafcb.cat\/es\/wp-json\/wp\/v2\/media\/6146"}],"wp:attachment":[{"href":"https:\/\/aafcb.cat\/es\/wp-json\/wp\/v2\/media?parent=6150"}],"wp:term":[{"taxonomy":"category","embeddable":true,"href":"https:\/\/aafcb.cat\/es\/wp-json\/wp\/v2\/categories?post=6150"},{"taxonomy":"post_tag","embeddable":true,"href":"https:\/\/aafcb.cat\/es\/wp-json\/wp\/v2\/tags?post=6150"}],"curies":[{"name":"wp","href":"https:\/\/api.w.org\/{rel}","templated":true}]}}