{"id":10131,"date":"2024-02-28T21:07:22","date_gmt":"2024-02-28T20:07:22","guid":{"rendered":"https:\/\/aafcb.cat\/non-classifiee\/visita-a-lassociacio-damics-del-ferrocarril-de-reus\/"},"modified":"2025-01-30T23:23:33","modified_gmt":"2025-01-30T22:23:33","slug":"visita-a-lassociacio-damics-del-ferrocarril-de-reus","status":"publish","type":"post","link":"https:\/\/aafcb.cat\/fr\/activitats-fr\/visita-a-lassociacio-damics-del-ferrocarril-de-reus\/","title":{"rendered":"VISITA A L&rsquo;ASSOCIACI\u00d3 D&rsquo;AMICS DEL FERROCARRIL DE REUS"},"content":{"rendered":"<p><span style=\"font-family: Arial, sans-serif;\"><span style=\"font-size: medium;\"><span style=\"color: #000000;\">El passat 25 de febrer vam realitzar una visita a l&rsquo;Associaci\u00f3 d&rsquo;Amics del Ferrocarril de Reus, que va incloure un recorregut per les instal\u00b7lacions de l&rsquo;entitat, una visita al Museu (on es va poder contemplar el cotxe m\u00e9s antic del Carrilet de Salou, restaurat), i una sortida al Parc de Miseric\u00f2rdia, on vam gaudir de diversos combois del circuit de 5\u201d que es van reservar exclusivament per a nosaltres.<\/span><\/span><\/span><\/p>\n<p><span style=\"font-family: Arial, sans-serif;\"><span style=\"font-size: medium;\"><span style=\"color: #000000;\">La jornada va finalitzar amb una cal\u00e7otada als tallers del mateix parc, en un ambient de germanor i envoltats de la m\u00e0gia ferrovi\u00e0ria.<\/span><\/span><\/span><\/p>\n","protected":false},"excerpt":{"rendered":"<p>El passat 25 de febrer vam realitzar una visita a l&rsquo;Associaci\u00f3 d&rsquo;Amics del Ferrocarril de Reus, que va incloure un recorregut per les instal\u00b7lacions de l&rsquo;entitat, una visita al Museu [&hellip;]<\/p>\n","protected":false},"author":5,"featured_media":10117,"comment_status":"closed","ping_status":"closed","sticky":false,"template":"","format":"standard","meta":{"_et_pb_use_builder":"","_et_pb_old_content":"","_et_gb_content_width":"","footnotes":""},"categories":[158,159,161],"tags":[],"class_list":["post-10131","post","type-post","status-publish","format-standard","has-post-thumbnail","hentry","category-activitats-fr","category-activitats-socials-fr","category-viatges-fr"],"yoast_head":"<!-- This site is optimized with the Yoast SEO plugin v27.3 - https:\/\/yoast.com\/product\/yoast-seo-wordpress\/ -->\n<title>VISITA A L&#039;ASSOCIACI\u00d3 D&#039;AMICS DEL FERROCARRIL DE REUS - AAFCB<\/title>\n<meta name=\"robots\" content=\"index, follow, max-snippet:-1, max-image-preview:large, max-video-preview:-1\" \/>\n<link rel=\"canonical\" href=\"https:\/\/aafcb.cat\/fr\/activitats-fr\/visita-a-lassociacio-damics-del-ferrocarril-de-reus\/\" \/>\n<meta property=\"og:locale\" content=\"fr_FR\" \/>\n<meta property=\"og:type\" content=\"article\" \/>\n<meta property=\"og:title\" content=\"VISITA A L&#039;ASSOCIACI\u00d3 D&#039;AMICS DEL FERROCARRIL DE REUS - AAFCB\" \/>\n<meta property=\"og:description\" content=\"El passat 25 de febrer vam realitzar una visita a l&rsquo;Associaci\u00f3 d&rsquo;Amics del Ferrocarril de Reus, que va incloure un recorregut per les instal\u00b7lacions de l&rsquo;entitat, una visita al Museu [&hellip;]\" \/>\n<meta property=\"og:url\" content=\"https:\/\/aafcb.cat\/fr\/activitats-fr\/visita-a-lassociacio-damics-del-ferrocarril-de-reus\/\" \/>\n<meta property=\"og:site_name\" content=\"AAFCB\" \/>\n<meta property=\"article:published_time\" content=\"2024-02-28T20:07:22+00:00\" \/>\n<meta property=\"article:modified_time\" content=\"2025-01-30T22:23:33+00:00\" \/>\n<meta property=\"og:image\" content=\"https:\/\/aafcb.cat\/aafcb-ferrocarril-media\/Reus.jpg\" \/>\n\t<meta property=\"og:image:width\" content=\"213\" \/>\n\t<meta property=\"og:image:height\" content=\"213\" \/>\n\t<meta property=\"og:image:type\" content=\"image\/jpeg\" \/>\n<meta name=\"author\" content=\"admin aafcb\" \/>\n<meta name=\"twitter:card\" content=\"summary_large_image\" \/>\n<meta name=\"twitter:label1\" content=\"\u00c9crit par\" \/>\n\t<meta name=\"twitter:data1\" content=\"admin aafcb\" \/>\n\t<meta name=\"twitter:label2\" content=\"Dur\u00e9e de lecture estim\u00e9e\" \/>\n\t<meta name=\"twitter:data2\" content=\"1 minute\" \/>\n<script type=\"application\/ld+json\" class=\"yoast-schema-graph\">{\"@context\":\"https:\\\/\\\/schema.org\",\"@graph\":[{\"@type\":\"Article\",\"@id\":\"https:\\\/\\\/aafcb.cat\\\/fr\\\/activitats-fr\\\/visita-a-lassociacio-damics-del-ferrocarril-de-reus\\\/#article\",\"isPartOf\":{\"@id\":\"https:\\\/\\\/aafcb.cat\\\/fr\\\/activitats-fr\\\/visita-a-lassociacio-damics-del-ferrocarril-de-reus\\\/\"},\"author\":{\"name\":\"admin aafcb\",\"@id\":\"https:\\\/\\\/aafcb.cat\\\/fr\\\/#\\\/schema\\\/person\\\/6a0ec10aac06eb575d6bc0d71c431ff9\"},\"headline\":\"VISITA A L&rsquo;ASSOCIACI\u00d3 D&rsquo;AMICS DEL FERROCARRIL DE REUS\",\"datePublished\":\"2024-02-28T20:07:22+00:00\",\"dateModified\":\"2025-01-30T22:23:33+00:00\",\"mainEntityOfPage\":{\"@id\":\"https:\\\/\\\/aafcb.cat\\\/fr\\\/activitats-fr\\\/visita-a-lassociacio-damics-del-ferrocarril-de-reus\\\/\"},\"wordCount\":109,\"image\":{\"@id\":\"https:\\\/\\\/aafcb.cat\\\/fr\\\/activitats-fr\\\/visita-a-lassociacio-damics-del-ferrocarril-de-reus\\\/#primaryimage\"},\"thumbnailUrl\":\"https:\\\/\\\/aafcb.cat\\\/aafcb-ferrocarril-media\\\/Reus.jpg\",\"articleSection\":[\"ACTIVITATS\",\"Activitats Socials\",\"Viatges\"],\"inLanguage\":\"fr-FR\"},{\"@type\":\"WebPage\",\"@id\":\"https:\\\/\\\/aafcb.cat\\\/fr\\\/activitats-fr\\\/visita-a-lassociacio-damics-del-ferrocarril-de-reus\\\/\",\"url\":\"https:\\\/\\\/aafcb.cat\\\/fr\\\/activitats-fr\\\/visita-a-lassociacio-damics-del-ferrocarril-de-reus\\\/\",\"name\":\"VISITA A L'ASSOCIACI\u00d3 D'AMICS DEL FERROCARRIL DE REUS - AAFCB\",\"isPartOf\":{\"@id\":\"https:\\\/\\\/aafcb.cat\\\/fr\\\/#website\"},\"primaryImageOfPage\":{\"@id\":\"https:\\\/\\\/aafcb.cat\\\/fr\\\/activitats-fr\\\/visita-a-lassociacio-damics-del-ferrocarril-de-reus\\\/#primaryimage\"},\"image\":{\"@id\":\"https:\\\/\\\/aafcb.cat\\\/fr\\\/activitats-fr\\\/visita-a-lassociacio-damics-del-ferrocarril-de-reus\\\/#primaryimage\"},\"thumbnailUrl\":\"https:\\\/\\\/aafcb.cat\\\/aafcb-ferrocarril-media\\\/Reus.jpg\",\"datePublished\":\"2024-02-28T20:07:22+00:00\",\"dateModified\":\"2025-01-30T22:23:33+00:00\",\"author\":{\"@id\":\"https:\\\/\\\/aafcb.cat\\\/fr\\\/#\\\/schema\\\/person\\\/6a0ec10aac06eb575d6bc0d71c431ff9\"},\"breadcrumb\":{\"@id\":\"https:\\\/\\\/aafcb.cat\\\/fr\\\/activitats-fr\\\/visita-a-lassociacio-damics-del-ferrocarril-de-reus\\\/#breadcrumb\"},\"inLanguage\":\"fr-FR\",\"potentialAction\":[{\"@type\":\"ReadAction\",\"target\":[\"https:\\\/\\\/aafcb.cat\\\/fr\\\/activitats-fr\\\/visita-a-lassociacio-damics-del-ferrocarril-de-reus\\\/\"]}]},{\"@type\":\"ImageObject\",\"inLanguage\":\"fr-FR\",\"@id\":\"https:\\\/\\\/aafcb.cat\\\/fr\\\/activitats-fr\\\/visita-a-lassociacio-damics-del-ferrocarril-de-reus\\\/#primaryimage\",\"url\":\"https:\\\/\\\/aafcb.cat\\\/aafcb-ferrocarril-media\\\/Reus.jpg\",\"contentUrl\":\"https:\\\/\\\/aafcb.cat\\\/aafcb-ferrocarril-media\\\/Reus.jpg\",\"width\":213,\"height\":213},{\"@type\":\"BreadcrumbList\",\"@id\":\"https:\\\/\\\/aafcb.cat\\\/fr\\\/activitats-fr\\\/visita-a-lassociacio-damics-del-ferrocarril-de-reus\\\/#breadcrumb\",\"itemListElement\":[{\"@type\":\"ListItem\",\"position\":1,\"name\":\"Inici\",\"item\":\"https:\\\/\\\/aafcb.cat\\\/fr\\\/home\\\/\"},{\"@type\":\"ListItem\",\"position\":2,\"name\":\"VISITA A L&#8217;ASSOCIACI\u00d3 D&#8217;AMICS DEL FERROCARRIL DE REUS\"}]},{\"@type\":\"WebSite\",\"@id\":\"https:\\\/\\\/aafcb.cat\\\/fr\\\/#website\",\"url\":\"https:\\\/\\\/aafcb.cat\\\/fr\\\/\",\"name\":\"AAFCB\",\"description\":\"Associaci\u00f3 d&#039;Amics del Ferrocarril de Barcelona\",\"potentialAction\":[{\"@type\":\"SearchAction\",\"target\":{\"@type\":\"EntryPoint\",\"urlTemplate\":\"https:\\\/\\\/aafcb.cat\\\/fr\\\/?s={search_term_string}\"},\"query-input\":{\"@type\":\"PropertyValueSpecification\",\"valueRequired\":true,\"valueName\":\"search_term_string\"}}],\"inLanguage\":\"fr-FR\"},{\"@type\":\"Person\",\"@id\":\"https:\\\/\\\/aafcb.cat\\\/fr\\\/#\\\/schema\\\/person\\\/6a0ec10aac06eb575d6bc0d71c431ff9\",\"name\":\"admin aafcb\",\"sameAs\":[\"https:\\\/\\\/aafcb.cat\"],\"url\":\"https:\\\/\\\/aafcb.cat\\\/fr\\\/author\\\/aafcb_admin\\\/\"}]}<\/script>\n<!-- \/ Yoast SEO plugin. -->","yoast_head_json":{"title":"VISITA A L'ASSOCIACI\u00d3 D'AMICS DEL FERROCARRIL DE REUS - AAFCB","robots":{"index":"index","follow":"follow","max-snippet":"max-snippet:-1","max-image-preview":"max-image-preview:large","max-video-preview":"max-video-preview:-1"},"canonical":"https:\/\/aafcb.cat\/fr\/activitats-fr\/visita-a-lassociacio-damics-del-ferrocarril-de-reus\/","og_locale":"fr_FR","og_type":"article","og_title":"VISITA A L'ASSOCIACI\u00d3 D'AMICS DEL FERROCARRIL DE REUS - AAFCB","og_description":"El passat 25 de febrer vam realitzar una visita a l&rsquo;Associaci\u00f3 d&rsquo;Amics del Ferrocarril de Reus, que va incloure un recorregut per les instal\u00b7lacions de l&rsquo;entitat, una visita al Museu [&hellip;]","og_url":"https:\/\/aafcb.cat\/fr\/activitats-fr\/visita-a-lassociacio-damics-del-ferrocarril-de-reus\/","og_site_name":"AAFCB","article_published_time":"2024-02-28T20:07:22+00:00","article_modified_time":"2025-01-30T22:23:33+00:00","og_image":[{"width":213,"height":213,"url":"https:\/\/aafcb.cat\/aafcb-ferrocarril-media\/Reus.jpg","type":"image\/jpeg"}],"author":"admin aafcb","twitter_card":"summary_large_image","twitter_misc":{"\u00c9crit par":"admin aafcb","Dur\u00e9e de lecture estim\u00e9e":"1 minute"},"schema":{"@context":"https:\/\/schema.org","@graph":[{"@type":"Article","@id":"https:\/\/aafcb.cat\/fr\/activitats-fr\/visita-a-lassociacio-damics-del-ferrocarril-de-reus\/#article","isPartOf":{"@id":"https:\/\/aafcb.cat\/fr\/activitats-fr\/visita-a-lassociacio-damics-del-ferrocarril-de-reus\/"},"author":{"name":"admin aafcb","@id":"https:\/\/aafcb.cat\/fr\/#\/schema\/person\/6a0ec10aac06eb575d6bc0d71c431ff9"},"headline":"VISITA A L&rsquo;ASSOCIACI\u00d3 D&rsquo;AMICS DEL FERROCARRIL DE REUS","datePublished":"2024-02-28T20:07:22+00:00","dateModified":"2025-01-30T22:23:33+00:00","mainEntityOfPage":{"@id":"https:\/\/aafcb.cat\/fr\/activitats-fr\/visita-a-lassociacio-damics-del-ferrocarril-de-reus\/"},"wordCount":109,"image":{"@id":"https:\/\/aafcb.cat\/fr\/activitats-fr\/visita-a-lassociacio-damics-del-ferrocarril-de-reus\/#primaryimage"},"thumbnailUrl":"https:\/\/aafcb.cat\/aafcb-ferrocarril-media\/Reus.jpg","articleSection":["ACTIVITATS","Activitats Socials","Viatges"],"inLanguage":"fr-FR"},{"@type":"WebPage","@id":"https:\/\/aafcb.cat\/fr\/activitats-fr\/visita-a-lassociacio-damics-del-ferrocarril-de-reus\/","url":"https:\/\/aafcb.cat\/fr\/activitats-fr\/visita-a-lassociacio-damics-del-ferrocarril-de-reus\/","name":"VISITA A L'ASSOCIACI\u00d3 D'AMICS DEL FERROCARRIL DE REUS - AAFCB","isPartOf":{"@id":"https:\/\/aafcb.cat\/fr\/#website"},"primaryImageOfPage":{"@id":"https:\/\/aafcb.cat\/fr\/activitats-fr\/visita-a-lassociacio-damics-del-ferrocarril-de-reus\/#primaryimage"},"image":{"@id":"https:\/\/aafcb.cat\/fr\/activitats-fr\/visita-a-lassociacio-damics-del-ferrocarril-de-reus\/#primaryimage"},"thumbnailUrl":"https:\/\/aafcb.cat\/aafcb-ferrocarril-media\/Reus.jpg","datePublished":"2024-02-28T20:07:22+00:00","dateModified":"2025-01-30T22:23:33+00:00","author":{"@id":"https:\/\/aafcb.cat\/fr\/#\/schema\/person\/6a0ec10aac06eb575d6bc0d71c431ff9"},"breadcrumb":{"@id":"https:\/\/aafcb.cat\/fr\/activitats-fr\/visita-a-lassociacio-damics-del-ferrocarril-de-reus\/#breadcrumb"},"inLanguage":"fr-FR","potentialAction":[{"@type":"ReadAction","target":["https:\/\/aafcb.cat\/fr\/activitats-fr\/visita-a-lassociacio-damics-del-ferrocarril-de-reus\/"]}]},{"@type":"ImageObject","inLanguage":"fr-FR","@id":"https:\/\/aafcb.cat\/fr\/activitats-fr\/visita-a-lassociacio-damics-del-ferrocarril-de-reus\/#primaryimage","url":"https:\/\/aafcb.cat\/aafcb-ferrocarril-media\/Reus.jpg","contentUrl":"https:\/\/aafcb.cat\/aafcb-ferrocarril-media\/Reus.jpg","width":213,"height":213},{"@type":"BreadcrumbList","@id":"https:\/\/aafcb.cat\/fr\/activitats-fr\/visita-a-lassociacio-damics-del-ferrocarril-de-reus\/#breadcrumb","itemListElement":[{"@type":"ListItem","position":1,"name":"Inici","item":"https:\/\/aafcb.cat\/fr\/home\/"},{"@type":"ListItem","position":2,"name":"VISITA A L&#8217;ASSOCIACI\u00d3 D&#8217;AMICS DEL FERROCARRIL DE REUS"}]},{"@type":"WebSite","@id":"https:\/\/aafcb.cat\/fr\/#website","url":"https:\/\/aafcb.cat\/fr\/","name":"AAFCB","description":"Associaci\u00f3 d&#039;Amics del Ferrocarril de Barcelona","potentialAction":[{"@type":"SearchAction","target":{"@type":"EntryPoint","urlTemplate":"https:\/\/aafcb.cat\/fr\/?s={search_term_string}"},"query-input":{"@type":"PropertyValueSpecification","valueRequired":true,"valueName":"search_term_string"}}],"inLanguage":"fr-FR"},{"@type":"Person","@id":"https:\/\/aafcb.cat\/fr\/#\/schema\/person\/6a0ec10aac06eb575d6bc0d71c431ff9","name":"admin aafcb","sameAs":["https:\/\/aafcb.cat"],"url":"https:\/\/aafcb.cat\/fr\/author\/aafcb_admin\/"}]}},"_links":{"self":[{"href":"https:\/\/aafcb.cat\/fr\/wp-json\/wp\/v2\/posts\/10131","targetHints":{"allow":["GET"]}}],"collection":[{"href":"https:\/\/aafcb.cat\/fr\/wp-json\/wp\/v2\/posts"}],"about":[{"href":"https:\/\/aafcb.cat\/fr\/wp-json\/wp\/v2\/types\/post"}],"author":[{"embeddable":true,"href":"https:\/\/aafcb.cat\/fr\/wp-json\/wp\/v2\/users\/5"}],"replies":[{"embeddable":true,"href":"https:\/\/aafcb.cat\/fr\/wp-json\/wp\/v2\/comments?post=10131"}],"version-history":[{"count":1,"href":"https:\/\/aafcb.cat\/fr\/wp-json\/wp\/v2\/posts\/10131\/revisions"}],"predecessor-version":[{"id":10134,"href":"https:\/\/aafcb.cat\/fr\/wp-json\/wp\/v2\/posts\/10131\/revisions\/10134"}],"wp:featuredmedia":[{"embeddable":true,"href":"https:\/\/aafcb.cat\/fr\/wp-json\/wp\/v2\/media\/10117"}],"wp:attachment":[{"href":"https:\/\/aafcb.cat\/fr\/wp-json\/wp\/v2\/media?parent=10131"}],"wp:term":[{"taxonomy":"category","embeddable":true,"href":"https:\/\/aafcb.cat\/fr\/wp-json\/wp\/v2\/categories?post=10131"},{"taxonomy":"post_tag","embeddable":true,"href":"https:\/\/aafcb.cat\/fr\/wp-json\/wp\/v2\/tags?post=10131"}],"curies":[{"name":"wp","href":"https:\/\/api.w.org\/{rel}","templated":true}]}}