{"id":10149,"date":"2024-10-30T18:18:14","date_gmt":"2024-10-30T17:18:14","guid":{"rendered":"https:\/\/aafcb.cat\/non-classifiee\/20-anys-de-moduls-ferroviaris\/"},"modified":"2025-01-30T23:25:41","modified_gmt":"2025-01-30T22:25:41","slug":"20-anys-de-moduls-ferroviaris","status":"publish","type":"post","link":"https:\/\/aafcb.cat\/fr\/activitats-socials-fr\/20-anys-de-moduls-ferroviaris\/","title":{"rendered":"20 anys de m\u00f2duls ferroviaris"},"content":{"rendered":"<p><span style=\"color: #000000;\"><span style=\"font-family: Arial, sans-serif;\"><span style=\"font-size: medium;\">Els dies 25, 26 i 27 d&rsquo;octubre 2024, la Federaci\u00f3 Catalana del Ferrocarril va celebra els 20 anys de M\u00f2duls Ferroviaris organitzant la Festa \u00ab\u00a020 anys de m\u00f2duls ferroviaris\u00a0\u00bb al Recinte Firal de Terrassa.<\/span><\/span><\/span><\/p>\n<p>L\u2019Associaci\u00f3 col\u00b7labora activament a la Festa amb el nostre diorama del Maresme i amb un estand.<\/p>\n<p><span style=\"color: #000000;\"><span style=\"font-family: Arial, sans-serif;\"><span style=\"font-size: medium;\">La celebraci\u00f3 va ser un \u00e8xit de p\u00fablic amb 3100 visitants i l&rsquo;exposici\u00f3 de m\u00f2duls de 22 associacions federades de Catalunya, 2 no federades, 4 Associacions franceses, It\u00e0lia i Alemanya.<\/span><\/span><\/span><\/p>\n","protected":false},"excerpt":{"rendered":"<p>Els dies 25, 26 i 27 d&rsquo;octubre 2024, la Federaci\u00f3 Catalana del Ferrocarril va celebra els 20 anys de M\u00f2duls Ferroviaris organitzant la Festa \u00ab\u00a020 anys de m\u00f2duls ferroviaris\u00a0\u00bb al [&hellip;]<\/p>\n","protected":false},"author":5,"featured_media":9958,"comment_status":"closed","ping_status":"closed","sticky":false,"template":"","format":"standard","meta":{"_et_pb_use_builder":"","_et_pb_old_content":"","_et_gb_content_width":"","footnotes":""},"categories":[159,160],"tags":[],"class_list":["post-10149","post","type-post","status-publish","format-standard","has-post-thumbnail","hentry","category-activitats-socials-fr","category-forums-fr"],"yoast_head":"<!-- This site is optimized with the Yoast SEO plugin v27.3 - https:\/\/yoast.com\/product\/yoast-seo-wordpress\/ -->\n<title>20 anys de m\u00f2duls ferroviaris - AAFCB<\/title>\n<meta name=\"robots\" content=\"index, follow, max-snippet:-1, max-image-preview:large, max-video-preview:-1\" \/>\n<link rel=\"canonical\" href=\"https:\/\/aafcb.cat\/fr\/activitats-socials-fr\/20-anys-de-moduls-ferroviaris\/\" \/>\n<meta property=\"og:locale\" content=\"fr_FR\" \/>\n<meta property=\"og:type\" content=\"article\" \/>\n<meta property=\"og:title\" content=\"20 anys de m\u00f2duls ferroviaris - AAFCB\" \/>\n<meta property=\"og:description\" content=\"Els dies 25, 26 i 27 d&rsquo;octubre 2024, la Federaci\u00f3 Catalana del Ferrocarril va celebra els 20 anys de M\u00f2duls Ferroviaris organitzant la Festa \u00ab\u00a020 anys de m\u00f2duls ferroviaris\u00a0\u00bb al [&hellip;]\" \/>\n<meta property=\"og:url\" content=\"https:\/\/aafcb.cat\/fr\/activitats-socials-fr\/20-anys-de-moduls-ferroviaris\/\" \/>\n<meta property=\"og:site_name\" content=\"AAFCB\" \/>\n<meta property=\"article:published_time\" content=\"2024-10-30T17:18:14+00:00\" \/>\n<meta property=\"article:modified_time\" content=\"2025-01-30T22:25:41+00:00\" \/>\n<meta property=\"og:image\" content=\"https:\/\/aafcb.cat\/aafcb-ferrocarril-media\/2024102701-imatge.png\" \/>\n\t<meta property=\"og:image:width\" content=\"1155\" \/>\n\t<meta property=\"og:image:height\" content=\"838\" \/>\n\t<meta property=\"og:image:type\" content=\"image\/png\" \/>\n<meta name=\"author\" content=\"admin aafcb\" \/>\n<meta name=\"twitter:card\" content=\"summary_large_image\" \/>\n<meta name=\"twitter:label1\" content=\"\u00c9crit par\" \/>\n\t<meta name=\"twitter:data1\" content=\"admin aafcb\" \/>\n\t<meta name=\"twitter:label2\" content=\"Dur\u00e9e de lecture estim\u00e9e\" \/>\n\t<meta name=\"twitter:data2\" content=\"1 minute\" \/>\n<script type=\"application\/ld+json\" class=\"yoast-schema-graph\">{\"@context\":\"https:\\\/\\\/schema.org\",\"@graph\":[{\"@type\":\"Article\",\"@id\":\"https:\\\/\\\/aafcb.cat\\\/fr\\\/activitats-socials-fr\\\/20-anys-de-moduls-ferroviaris\\\/#article\",\"isPartOf\":{\"@id\":\"https:\\\/\\\/aafcb.cat\\\/fr\\\/activitats-socials-fr\\\/20-anys-de-moduls-ferroviaris\\\/\"},\"author\":{\"name\":\"admin aafcb\",\"@id\":\"https:\\\/\\\/aafcb.cat\\\/fr\\\/#\\\/schema\\\/person\\\/6a0ec10aac06eb575d6bc0d71c431ff9\"},\"headline\":\"20 anys de m\u00f2duls ferroviaris\",\"datePublished\":\"2024-10-30T17:18:14+00:00\",\"dateModified\":\"2025-01-30T22:25:41+00:00\",\"mainEntityOfPage\":{\"@id\":\"https:\\\/\\\/aafcb.cat\\\/fr\\\/activitats-socials-fr\\\/20-anys-de-moduls-ferroviaris\\\/\"},\"wordCount\":84,\"image\":{\"@id\":\"https:\\\/\\\/aafcb.cat\\\/fr\\\/activitats-socials-fr\\\/20-anys-de-moduls-ferroviaris\\\/#primaryimage\"},\"thumbnailUrl\":\"https:\\\/\\\/aafcb.cat\\\/aafcb-ferrocarril-media\\\/2024102701-imatge.png\",\"articleSection\":[\"Activitats Socials\",\"F\u00f2rums i Confer\u00e8ncies\"],\"inLanguage\":\"fr-FR\"},{\"@type\":\"WebPage\",\"@id\":\"https:\\\/\\\/aafcb.cat\\\/fr\\\/activitats-socials-fr\\\/20-anys-de-moduls-ferroviaris\\\/\",\"url\":\"https:\\\/\\\/aafcb.cat\\\/fr\\\/activitats-socials-fr\\\/20-anys-de-moduls-ferroviaris\\\/\",\"name\":\"20 anys de m\u00f2duls ferroviaris - AAFCB\",\"isPartOf\":{\"@id\":\"https:\\\/\\\/aafcb.cat\\\/fr\\\/#website\"},\"primaryImageOfPage\":{\"@id\":\"https:\\\/\\\/aafcb.cat\\\/fr\\\/activitats-socials-fr\\\/20-anys-de-moduls-ferroviaris\\\/#primaryimage\"},\"image\":{\"@id\":\"https:\\\/\\\/aafcb.cat\\\/fr\\\/activitats-socials-fr\\\/20-anys-de-moduls-ferroviaris\\\/#primaryimage\"},\"thumbnailUrl\":\"https:\\\/\\\/aafcb.cat\\\/aafcb-ferrocarril-media\\\/2024102701-imatge.png\",\"datePublished\":\"2024-10-30T17:18:14+00:00\",\"dateModified\":\"2025-01-30T22:25:41+00:00\",\"author\":{\"@id\":\"https:\\\/\\\/aafcb.cat\\\/fr\\\/#\\\/schema\\\/person\\\/6a0ec10aac06eb575d6bc0d71c431ff9\"},\"breadcrumb\":{\"@id\":\"https:\\\/\\\/aafcb.cat\\\/fr\\\/activitats-socials-fr\\\/20-anys-de-moduls-ferroviaris\\\/#breadcrumb\"},\"inLanguage\":\"fr-FR\",\"potentialAction\":[{\"@type\":\"ReadAction\",\"target\":[\"https:\\\/\\\/aafcb.cat\\\/fr\\\/activitats-socials-fr\\\/20-anys-de-moduls-ferroviaris\\\/\"]}]},{\"@type\":\"ImageObject\",\"inLanguage\":\"fr-FR\",\"@id\":\"https:\\\/\\\/aafcb.cat\\\/fr\\\/activitats-socials-fr\\\/20-anys-de-moduls-ferroviaris\\\/#primaryimage\",\"url\":\"https:\\\/\\\/aafcb.cat\\\/aafcb-ferrocarril-media\\\/2024102701-imatge.png\",\"contentUrl\":\"https:\\\/\\\/aafcb.cat\\\/aafcb-ferrocarril-media\\\/2024102701-imatge.png\",\"width\":1155,\"height\":838},{\"@type\":\"BreadcrumbList\",\"@id\":\"https:\\\/\\\/aafcb.cat\\\/fr\\\/activitats-socials-fr\\\/20-anys-de-moduls-ferroviaris\\\/#breadcrumb\",\"itemListElement\":[{\"@type\":\"ListItem\",\"position\":1,\"name\":\"Inici\",\"item\":\"https:\\\/\\\/aafcb.cat\\\/fr\\\/home\\\/\"},{\"@type\":\"ListItem\",\"position\":2,\"name\":\"20 anys de m\u00f2duls ferroviaris\"}]},{\"@type\":\"WebSite\",\"@id\":\"https:\\\/\\\/aafcb.cat\\\/fr\\\/#website\",\"url\":\"https:\\\/\\\/aafcb.cat\\\/fr\\\/\",\"name\":\"AAFCB\",\"description\":\"Associaci\u00f3 d&#039;Amics del Ferrocarril de Barcelona\",\"potentialAction\":[{\"@type\":\"SearchAction\",\"target\":{\"@type\":\"EntryPoint\",\"urlTemplate\":\"https:\\\/\\\/aafcb.cat\\\/fr\\\/?s={search_term_string}\"},\"query-input\":{\"@type\":\"PropertyValueSpecification\",\"valueRequired\":true,\"valueName\":\"search_term_string\"}}],\"inLanguage\":\"fr-FR\"},{\"@type\":\"Person\",\"@id\":\"https:\\\/\\\/aafcb.cat\\\/fr\\\/#\\\/schema\\\/person\\\/6a0ec10aac06eb575d6bc0d71c431ff9\",\"name\":\"admin aafcb\",\"sameAs\":[\"https:\\\/\\\/aafcb.cat\"],\"url\":\"https:\\\/\\\/aafcb.cat\\\/fr\\\/author\\\/aafcb_admin\\\/\"}]}<\/script>\n<!-- \/ Yoast SEO plugin. -->","yoast_head_json":{"title":"20 anys de m\u00f2duls ferroviaris - AAFCB","robots":{"index":"index","follow":"follow","max-snippet":"max-snippet:-1","max-image-preview":"max-image-preview:large","max-video-preview":"max-video-preview:-1"},"canonical":"https:\/\/aafcb.cat\/fr\/activitats-socials-fr\/20-anys-de-moduls-ferroviaris\/","og_locale":"fr_FR","og_type":"article","og_title":"20 anys de m\u00f2duls ferroviaris - AAFCB","og_description":"Els dies 25, 26 i 27 d&rsquo;octubre 2024, la Federaci\u00f3 Catalana del Ferrocarril va celebra els 20 anys de M\u00f2duls Ferroviaris organitzant la Festa \u00ab\u00a020 anys de m\u00f2duls ferroviaris\u00a0\u00bb al [&hellip;]","og_url":"https:\/\/aafcb.cat\/fr\/activitats-socials-fr\/20-anys-de-moduls-ferroviaris\/","og_site_name":"AAFCB","article_published_time":"2024-10-30T17:18:14+00:00","article_modified_time":"2025-01-30T22:25:41+00:00","og_image":[{"width":1155,"height":838,"url":"https:\/\/aafcb.cat\/aafcb-ferrocarril-media\/2024102701-imatge.png","type":"image\/png"}],"author":"admin aafcb","twitter_card":"summary_large_image","twitter_misc":{"\u00c9crit par":"admin aafcb","Dur\u00e9e de lecture estim\u00e9e":"1 minute"},"schema":{"@context":"https:\/\/schema.org","@graph":[{"@type":"Article","@id":"https:\/\/aafcb.cat\/fr\/activitats-socials-fr\/20-anys-de-moduls-ferroviaris\/#article","isPartOf":{"@id":"https:\/\/aafcb.cat\/fr\/activitats-socials-fr\/20-anys-de-moduls-ferroviaris\/"},"author":{"name":"admin aafcb","@id":"https:\/\/aafcb.cat\/fr\/#\/schema\/person\/6a0ec10aac06eb575d6bc0d71c431ff9"},"headline":"20 anys de m\u00f2duls ferroviaris","datePublished":"2024-10-30T17:18:14+00:00","dateModified":"2025-01-30T22:25:41+00:00","mainEntityOfPage":{"@id":"https:\/\/aafcb.cat\/fr\/activitats-socials-fr\/20-anys-de-moduls-ferroviaris\/"},"wordCount":84,"image":{"@id":"https:\/\/aafcb.cat\/fr\/activitats-socials-fr\/20-anys-de-moduls-ferroviaris\/#primaryimage"},"thumbnailUrl":"https:\/\/aafcb.cat\/aafcb-ferrocarril-media\/2024102701-imatge.png","articleSection":["Activitats Socials","F\u00f2rums i Confer\u00e8ncies"],"inLanguage":"fr-FR"},{"@type":"WebPage","@id":"https:\/\/aafcb.cat\/fr\/activitats-socials-fr\/20-anys-de-moduls-ferroviaris\/","url":"https:\/\/aafcb.cat\/fr\/activitats-socials-fr\/20-anys-de-moduls-ferroviaris\/","name":"20 anys de m\u00f2duls ferroviaris - AAFCB","isPartOf":{"@id":"https:\/\/aafcb.cat\/fr\/#website"},"primaryImageOfPage":{"@id":"https:\/\/aafcb.cat\/fr\/activitats-socials-fr\/20-anys-de-moduls-ferroviaris\/#primaryimage"},"image":{"@id":"https:\/\/aafcb.cat\/fr\/activitats-socials-fr\/20-anys-de-moduls-ferroviaris\/#primaryimage"},"thumbnailUrl":"https:\/\/aafcb.cat\/aafcb-ferrocarril-media\/2024102701-imatge.png","datePublished":"2024-10-30T17:18:14+00:00","dateModified":"2025-01-30T22:25:41+00:00","author":{"@id":"https:\/\/aafcb.cat\/fr\/#\/schema\/person\/6a0ec10aac06eb575d6bc0d71c431ff9"},"breadcrumb":{"@id":"https:\/\/aafcb.cat\/fr\/activitats-socials-fr\/20-anys-de-moduls-ferroviaris\/#breadcrumb"},"inLanguage":"fr-FR","potentialAction":[{"@type":"ReadAction","target":["https:\/\/aafcb.cat\/fr\/activitats-socials-fr\/20-anys-de-moduls-ferroviaris\/"]}]},{"@type":"ImageObject","inLanguage":"fr-FR","@id":"https:\/\/aafcb.cat\/fr\/activitats-socials-fr\/20-anys-de-moduls-ferroviaris\/#primaryimage","url":"https:\/\/aafcb.cat\/aafcb-ferrocarril-media\/2024102701-imatge.png","contentUrl":"https:\/\/aafcb.cat\/aafcb-ferrocarril-media\/2024102701-imatge.png","width":1155,"height":838},{"@type":"BreadcrumbList","@id":"https:\/\/aafcb.cat\/fr\/activitats-socials-fr\/20-anys-de-moduls-ferroviaris\/#breadcrumb","itemListElement":[{"@type":"ListItem","position":1,"name":"Inici","item":"https:\/\/aafcb.cat\/fr\/home\/"},{"@type":"ListItem","position":2,"name":"20 anys de m\u00f2duls ferroviaris"}]},{"@type":"WebSite","@id":"https:\/\/aafcb.cat\/fr\/#website","url":"https:\/\/aafcb.cat\/fr\/","name":"AAFCB","description":"Associaci\u00f3 d&#039;Amics del Ferrocarril de Barcelona","potentialAction":[{"@type":"SearchAction","target":{"@type":"EntryPoint","urlTemplate":"https:\/\/aafcb.cat\/fr\/?s={search_term_string}"},"query-input":{"@type":"PropertyValueSpecification","valueRequired":true,"valueName":"search_term_string"}}],"inLanguage":"fr-FR"},{"@type":"Person","@id":"https:\/\/aafcb.cat\/fr\/#\/schema\/person\/6a0ec10aac06eb575d6bc0d71c431ff9","name":"admin aafcb","sameAs":["https:\/\/aafcb.cat"],"url":"https:\/\/aafcb.cat\/fr\/author\/aafcb_admin\/"}]}},"_links":{"self":[{"href":"https:\/\/aafcb.cat\/fr\/wp-json\/wp\/v2\/posts\/10149","targetHints":{"allow":["GET"]}}],"collection":[{"href":"https:\/\/aafcb.cat\/fr\/wp-json\/wp\/v2\/posts"}],"about":[{"href":"https:\/\/aafcb.cat\/fr\/wp-json\/wp\/v2\/types\/post"}],"author":[{"embeddable":true,"href":"https:\/\/aafcb.cat\/fr\/wp-json\/wp\/v2\/users\/5"}],"replies":[{"embeddable":true,"href":"https:\/\/aafcb.cat\/fr\/wp-json\/wp\/v2\/comments?post=10149"}],"version-history":[{"count":1,"href":"https:\/\/aafcb.cat\/fr\/wp-json\/wp\/v2\/posts\/10149\/revisions"}],"predecessor-version":[{"id":10152,"href":"https:\/\/aafcb.cat\/fr\/wp-json\/wp\/v2\/posts\/10149\/revisions\/10152"}],"wp:featuredmedia":[{"embeddable":true,"href":"https:\/\/aafcb.cat\/fr\/wp-json\/wp\/v2\/media\/9958"}],"wp:attachment":[{"href":"https:\/\/aafcb.cat\/fr\/wp-json\/wp\/v2\/media?parent=10149"}],"wp:term":[{"taxonomy":"category","embeddable":true,"href":"https:\/\/aafcb.cat\/fr\/wp-json\/wp\/v2\/categories?post=10149"},{"taxonomy":"post_tag","embeddable":true,"href":"https:\/\/aafcb.cat\/fr\/wp-json\/wp\/v2\/tags?post=10149"}],"curies":[{"name":"wp","href":"https:\/\/api.w.org\/{rel}","templated":true}]}}